{"id":12283,"date":"2014-06-13T16:42:05","date_gmt":"2014-06-13T14:42:05","guid":{"rendered":"https:\/\/blog.ilgiornale.it\/ruzzo\/?p=12283"},"modified":"2014-06-13T17:07:14","modified_gmt":"2014-06-13T15:07:14","slug":"bardolino-cera-una-volta-il-triathlon-e-ce-ancora","status":"publish","type":"post","link":"https:\/\/blog.ilgiornale.it\/ruzzo\/2014\/06\/13\/bardolino-cera-una-volta-il-triathlon-e-ce-ancora\/","title":{"rendered":"Bardolino: c&#8217;era una volta il triathlon ( e c&#8217;\u00e8 ancora)"},"content":{"rendered":"<p><a href=\"https:\/\/blog.ilgiornale.it\/ruzzo\/files\/2014\/06\/19.jpg\"><img loading=\"lazy\" class=\"alignleft size-medium wp-image-12293\" src=\"https:\/\/blog.ilgiornale.it\/ruzzo\/files\/2014\/06\/19-300x199.jpg\" alt=\"\" width=\"300\" height=\"199\" srcset=\"https:\/\/blog.ilgiornale.it\/ruzzo\/files\/2014\/06\/19-300x199.jpg 300w, https:\/\/blog.ilgiornale.it\/ruzzo\/files\/2014\/06\/19.jpg 800w\" sizes=\"(max-width: 300px) 100vw, 300px\" \/><\/a>Era il due settembre del 1984 quando da piazza Bra a <strong>Verona<\/strong> partivano i primi 69 triatleti italiani. Un piccola truppa d&#8217;assalto, abbastanza improvvisata e proveniente da altri sport che per la prima volta forse provava a mettere tutto insieme. Un circuito di otto chilometri, con l&#8217;Arena sullo sfondo, e poi via in bici\u00a0 attravreso la <strong>Valpolicella<\/strong> fino sul lungolago <strong>Mirabello a Bardolino<\/strong>. E qui ci si tuffava seguendo il tracciato delle boe e delle barche fino a punta <strong>Cornicello<\/strong> per poi tornare nel porticciolo di piazza Amedeo di fronte all&#8217;Enoteca. Forse non era esattamente cos\u00ec ma\u00a0le pagine dei giornali locali\u00a0 titolavano con grande entusiasmo: &#8220;Verona tiene a battesimo il Triathlon in Italia&#8230;&#8221;. E ancora: &#8221; Esplode a Verona la febbre del triathlon&#8221;. Trent&#8217;anni fa. Roba da pionieri poco griffati e tanto coraggiosi. Roba da bici in acciaio, da calzoncini e magliette come capitava altro che carbonio, body e mute galleggianti. Forse non cominci\u00f2 davvero tutto da <strong>Bardolino<\/strong> certo \u00e8 che<strong> Bardolino<\/strong> fu uno dei primi appuntamenti importanti per chi aveva deciso che correre, pedalare e nuotare dovevano essere uno sport solo. Da fare tutto in una volta per raccogliere gli applausi di chi, sul ciglio delle strade, applaudiva con l&#8217;aria un po&#8217; perpelessa pensando davvero che quei 69 coraggiosi fossero tutti un po&#8217; matti. Va sempre cos\u00ec quando non si conoscono le cose. E trent&#8217;anni fa il triathlon lo conscevano in pochi. Pochi affezionati che per\u00f2 si divertivano come si divertono quelli che faticano oggi. Per la cronaca, come scriveva<strong> Silvio\u00a0Cametti<\/strong> sul Giornale del Nuoto , \u00a0il primo al traguardo fu <strong>Gianpaolo Cantoni<\/strong>, un pallanuotista che per\u00f2 correva forte e se la cavava anche in bici. Alle sue spalle\u00a0due nuotatori:\u00a0<strong>Roberto Olmi<\/strong> e <strong>Alberto Guerrini<\/strong>. E al sesto posto quel <strong>Dante Armanini<\/strong> che ancora oggi \u00e8 cuore, mente e anima di questo triathlon. Una vita fa. Che per\u00f2 continua. Che \u00e8 diventata la storia di uno sport\u00a0ormai cresciuto\u00a0e il presente internazionale di una manifestazione che da quet&#8217;anno fa parte del <strong>&#8220;Tre nazioni<\/strong>&#8221; cio\u00e8 di un circuito che conta. E\u00a0 quanto conti si vede dai numeri. Uno su tutti perch\u00e8 1450 bici tutte insieme in una zona cambio non sono solo un bel colpo d&#8217;occhio. Sono la prova che il triathlon, che trent&#8217;anni fa cominciava la sua avventura davanti all&#8217;Arena di Verona, oggi \u00e8 davvero tutta un&#8217;altra storia.<br \/>\n(Foto di <strong>Tiziano Ballabio<\/strong>)<br \/>\n\u00a0<\/p>\n<p>I CONSIGLI DI <strong>ALICE BETTO<\/strong><br \/>\nE <strong>ALESSANDRO FABIAN<\/strong><\/p>\n<p><a href=\"http:\/\/www.youtube.com\/watch?v=KSyxpaqt2Wo&amp;feature=youtu.be\">http:\/\/www.youtube.com\/watch?v=KSyxpaqt2Wo&amp;feature=youtu.be<\/a><br \/>\n<a href=\"http:\/\/www.youtube.com\/watch?v=fvOJQ00cMJQ&amp;feature=youtu.be\">http:\/\/www.youtube.com\/watch?v=fvOJQ00cMJQ&amp;feature=youtu.be<\/a><\/p>\n","protected":false},"excerpt":{"rendered":"<p><p>Era il due settembre del 1984 quando da piazza Bra a Verona partivano i primi 69 triatleti italiani. Un piccola truppa d&#8217;assalto, abbastanza improvvisata e proveniente da altri sport che per la prima volta forse provava a mettere tutto insieme. Un circuito di otto chilometri, con l&#8217;Arena sullo sfondo, e poi via in bici\u00a0 attravreso la Valpolicella fino sul lungolago Mirabello a Bardolino. E qui ci si tuffava seguendo il tracciato delle boe e delle barche fino a punta Cornicello per poi tornare nel porticciolo di piazza Amedeo di fronte all&#8217;Enoteca. Forse non era esattamente cos\u00ec ma\u00a0le pagine dei giornali [&hellip;]<\/p>\n&nbsp;&nbsp;<div class=\"readmore\"><a href=\"https:\/\/blog.ilgiornale.it\/ruzzo\/2014\/06\/13\/bardolino-cera-una-volta-il-triathlon-e-ce-ancora\/\">Continua a leggere...<\/a><\/div><\/p>","protected":false},"author":956,"featured_media":0,"comment_status":"open","ping_status":"closed","sticky":false,"template":"","format":"standard","meta":[],"categories":[1],"tags":[],"_links":{"self":[{"href":"https:\/\/blog.ilgiornale.it\/ruzzo\/wp-json\/wp\/v2\/posts\/12283"}],"collection":[{"href":"https:\/\/blog.ilgiornale.it\/ruzzo\/wp-json\/wp\/v2\/posts"}],"about":[{"href":"https:\/\/blog.ilgiornale.it\/ruzzo\/wp-json\/wp\/v2\/types\/post"}],"author":[{"embeddable":true,"href":"https:\/\/blog.ilgiornale.it\/ruzzo\/wp-json\/wp\/v2\/users\/956"}],"replies":[{"embeddable":true,"href":"https:\/\/blog.ilgiornale.it\/ruzzo\/wp-json\/wp\/v2\/comments?post=12283"}],"version-history":[{"count":12,"href":"https:\/\/blog.ilgiornale.it\/ruzzo\/wp-json\/wp\/v2\/posts\/12283\/revisions"}],"predecessor-version":[{"id":12297,"href":"https:\/\/blog.ilgiornale.it\/ruzzo\/wp-json\/wp\/v2\/posts\/12283\/revisions\/12297"}],"wp:attachment":[{"href":"https:\/\/blog.ilgiornale.it\/ruzzo\/wp-json\/wp\/v2\/media?parent=12283"}],"wp:term":[{"taxonomy":"category","embeddable":true,"href":"https:\/\/blog.ilgiornale.it\/ruzzo\/wp-json\/wp\/v2\/categories?post=12283"},{"taxonomy":"post_tag","embeddable":true,"href":"https:\/\/blog.ilgiornale.it\/ruzzo\/wp-json\/wp\/v2\/tags?post=12283"}],"curies":[{"name":"wp","href":"https:\/\/api.w.org\/{rel}","templated":true}]}}