{"id":12306,"date":"2014-06-15T21:47:44","date_gmt":"2014-06-15T19:47:44","guid":{"rendered":"https:\/\/blog.ilgiornale.it\/ruzzo\/?p=12306"},"modified":"2014-06-15T21:52:18","modified_gmt":"2014-06-15T19:52:18","slug":"quei-genitori-che-obbligano-i-figli-a-fare-sport","status":"publish","type":"post","link":"https:\/\/blog.ilgiornale.it\/ruzzo\/2014\/06\/15\/quei-genitori-che-obbligano-i-figli-a-fare-sport\/","title":{"rendered":"Quei genitori che obbligano i figli a fare sport&#8230;"},"content":{"rendered":"<p><a href=\"https:\/\/blog.ilgiornale.it\/ruzzo\/files\/2014\/06\/unnamed1.jpg\"><img loading=\"lazy\" class=\"alignleft size-medium wp-image-12313\" src=\"https:\/\/blog.ilgiornale.it\/ruzzo\/files\/2014\/06\/unnamed1-300x168.jpg\" alt=\"\" width=\"300\" height=\"168\" srcset=\"https:\/\/blog.ilgiornale.it\/ruzzo\/files\/2014\/06\/unnamed1-300x168.jpg 300w, https:\/\/blog.ilgiornale.it\/ruzzo\/files\/2014\/06\/unnamed1.jpg 912w\" sizes=\"(max-width: 300px) 100vw, 300px\" \/><\/a>Sono pieni gli archivi dei giornali di storie che raccontano di genitori frustrati che obbligano i figli a fare lo sport che loro non sono riusciti a fare. Gli dettano i tempi degli allenamenti, gli fanno da mister, s&#8217;arrabbaino se non vincono e via cos\u00ec. E il risultato \u00e8 uno solo. Non appena i pargoli raggiungono l&#8217;et\u00e0 della ragione salutano, ringraziano (mica tanto) e addio sogni di gloria. Dei pap\u00e0, ovviamente. Storie frequenti. Talmente frequenti\u00a0da essersi guadagnate un ottimo spazio nell&#8217;immaginario comune. E si fa presto a fare l&#8217;equazione: se sei un pap\u00e0 appassionato di sport e condividi questa passione con i tuoi tre figli quasi certamente la loro scelta non \u00e8 stata una &#8220;libera scelta&#8221;. E questo stamattina ho letto negli occhi di due signori di mezza et\u00e0 , probabilmente marito e moglie,\u00a0 che stavano scendendo a piedi una bella discesa che va da <strong>Aviatico<\/strong> ad <strong>Amora<\/strong> nel cuore della <strong>Val Seriana <\/strong>nella<strong> Bergamasca.<\/strong>\u00a0Loro scendevano tranquilli chiacchierando, io con i miei figli salivo di corsa senza pi\u00f9 un filo di fiato. Io senza pi\u00f9 un filo di fiato perch\u00e8 i due &#8220;cuccioli&#8221;, che si allenano e corrono per la <strong>DDs\u00a0di Settimo Milanese,<\/strong>\u00a0erano molto pi\u00f9 a loro agio di me su quelle rampe. Ma tant&#8217;\u00e8. Gli anni passano e anche il testimone passa di mano. Ed \u00e8&#8217; stato un attimo. Il mio sguardo ha incrociato quello dei due signori che mi sfilavano accanto e ci\u00f2 che stavano pensando mi \u00e8 arrivato dritto sul muso: &#8220;Ma guarda questo\u00a0\u00a0qui che obbliga sti due poveri bambini a correre a mezzogiorno su una salita del genere&#8230;&#8221;. Magari fosse cos\u00ec&#8230;<\/p>\n","protected":false},"excerpt":{"rendered":"<p><p>Sono pieni gli archivi dei giornali di storie che raccontano di genitori frustrati che obbligano i figli a fare lo sport che loro non sono riusciti a fare. Gli dettano i tempi degli allenamenti, gli fanno da mister, s&#8217;arrabbaino se non vincono e via cos\u00ec. E il risultato \u00e8 uno solo. Non appena i pargoli raggiungono l&#8217;et\u00e0 della ragione salutano, ringraziano (mica tanto) e addio sogni di gloria. Dei pap\u00e0, ovviamente. Storie frequenti. Talmente frequenti\u00a0da essersi guadagnate un ottimo spazio nell&#8217;immaginario comune. E si fa presto a fare l&#8217;equazione: se sei un pap\u00e0 appassionato di sport e condividi questa passione [&hellip;]<\/p>\n&nbsp;&nbsp;<div class=\"readmore\"><a href=\"https:\/\/blog.ilgiornale.it\/ruzzo\/2014\/06\/15\/quei-genitori-che-obbligano-i-figli-a-fare-sport\/\">Continua a leggere...<\/a><\/div><\/p>","protected":false},"author":956,"featured_media":0,"comment_status":"open","ping_status":"closed","sticky":false,"template":"","format":"standard","meta":[],"categories":[1],"tags":[],"_links":{"self":[{"href":"https:\/\/blog.ilgiornale.it\/ruzzo\/wp-json\/wp\/v2\/posts\/12306"}],"collection":[{"href":"https:\/\/blog.ilgiornale.it\/ruzzo\/wp-json\/wp\/v2\/posts"}],"about":[{"href":"https:\/\/blog.ilgiornale.it\/ruzzo\/wp-json\/wp\/v2\/types\/post"}],"author":[{"embeddable":true,"href":"https:\/\/blog.ilgiornale.it\/ruzzo\/wp-json\/wp\/v2\/users\/956"}],"replies":[{"embeddable":true,"href":"https:\/\/blog.ilgiornale.it\/ruzzo\/wp-json\/wp\/v2\/comments?post=12306"}],"version-history":[{"count":6,"href":"https:\/\/blog.ilgiornale.it\/ruzzo\/wp-json\/wp\/v2\/posts\/12306\/revisions"}],"predecessor-version":[{"id":12314,"href":"https:\/\/blog.ilgiornale.it\/ruzzo\/wp-json\/wp\/v2\/posts\/12306\/revisions\/12314"}],"wp:attachment":[{"href":"https:\/\/blog.ilgiornale.it\/ruzzo\/wp-json\/wp\/v2\/media?parent=12306"}],"wp:term":[{"taxonomy":"category","embeddable":true,"href":"https:\/\/blog.ilgiornale.it\/ruzzo\/wp-json\/wp\/v2\/categories?post=12306"},{"taxonomy":"post_tag","embeddable":true,"href":"https:\/\/blog.ilgiornale.it\/ruzzo\/wp-json\/wp\/v2\/tags?post=12306"}],"curies":[{"name":"wp","href":"https:\/\/api.w.org\/{rel}","templated":true}]}}