{"id":12454,"date":"2014-06-29T20:49:01","date_gmt":"2014-06-29T18:49:01","guid":{"rendered":"https:\/\/blog.ilgiornale.it\/ruzzo\/?p=12454"},"modified":"2014-06-29T20:49:01","modified_gmt":"2014-06-29T18:49:01","slug":"leuropa-ci-guarda-rimini-capitale-del-triathlon","status":"publish","type":"post","link":"https:\/\/blog.ilgiornale.it\/ruzzo\/2014\/06\/29\/leuropa-ci-guarda-rimini-capitale-del-triathlon\/","title":{"rendered":"L&#8217;Europa ci guarda: Rimini capitale del triathlon"},"content":{"rendered":"<p><a href=\"https:\/\/blog.ilgiornale.it\/ruzzo\/files\/2014\/06\/Rimini-medals.jpg\"><img loading=\"lazy\" class=\"alignleft size-medium wp-image-12459\" src=\"https:\/\/blog.ilgiornale.it\/ruzzo\/files\/2014\/06\/Rimini-medals-300x300.jpg\" alt=\"\" width=\"300\" height=\"300\" srcset=\"https:\/\/blog.ilgiornale.it\/ruzzo\/files\/2014\/06\/Rimini-medals-300x300.jpg 300w, https:\/\/blog.ilgiornale.it\/ruzzo\/files\/2014\/06\/Rimini-medals-150x150.jpg 150w, https:\/\/blog.ilgiornale.it\/ruzzo\/files\/2014\/06\/Rimini-medals.jpg 400w\" sizes=\"(max-width: 300px) 100vw, 300px\" \/><\/a>Affinit\u00e0 elettive, verrebbe da dire. Pi\u00f9 semplicemente\u00a0succede che\u00a0un grande evento in genere chiami un grande evento. E cos\u00ec l&#8217;anno prossimo il\u00a0<strong>Rimini Challenge<\/strong>\u00a0sar\u00e0 anche prova\u00a0di \u00a0Campionato europeo sulla mezza distanza. Un bell&#8217;impegno per\u00a0ma anche un bell&#8217;onore\u00a0 che premia chi, \u00a0in un Paese dove si tende sempre di pi\u00f9 ad improvvisare, \u00a0fa le cose con puntiglio.\u00a0 Che poi \u00e8\u00a0 ci\u00f2 che fa la differenza. E chi c&#8217;\u00e8 stato o ha corso a <strong>Rimini<\/strong> in questi due anni si \u00e8 reso conto che il<strong> Challenge<\/strong> non\u00a0\u00e8 \u00a0soltanto una gara di triathlon lungo come tante ce ne sono.\u00a0Il <strong>Challenge<\/strong> \u00e8\u00a0un evento e si respira nell&#8217;aria. Un evento \u00a0che oltre ad attirare\u00a0il giusto interesse dei grandi atleti e degli sponsor, alla fine ha catturato anche l&#8217;attenzione di chi doveva scegliere.\u00a0 &#8220;Sono estremamente \u00a0soddisfatto- spiega ill Presidente dell\u2019 Unione Europea Triathlon <strong>Renato Bertrandi- <\/strong>\u00a0la location \u00e8 bellissima e le capacit\u00e0 organizzative eccellenti: senza dubbio i giusti presupposti per una gara di successo &#8220;.\u00a0\u00a0 Nessun dubbio che Rimini sar\u00e0 la gara perfetta per un campionato europeo neppure per <strong>Zibi Szlufcik<\/strong>: &#8220;Alessandro Alessandri e il suo team hanno un rapporto pluriennale con la Federazione Italiana Triathlon e hanno gi\u00e0 ospitato una serie di campionati internazionali organizzati in maniera eccezionale- spiega il\u00a0 <strong>CEO di\u00a0Challenge\u00a0Family<\/strong>&#8211;\u00a0 e a rendere questa scelta ideale si aggiunge la bellezza della citt\u00e0 di Rimini\u00a0&gt;. Infine l&#8217;orgoglio della Federazione italiana Triathlon: &#8220;Siamo soddsfatti e contenti di ospitare in Italia e in particolare a Rimini, il Campionato Europeo di Triathlon Middle Distance 2015- spiega il presidente della Fitri, <strong>Luigi Bianchi\u00a0&#8211; <\/strong>Ci\u00f2 \u00e8 la conferma degli ottimi rapporti che si sono sviluppati tra le diverse \u00a0organizzazioni. E\u00a0quando le sinergie pongono obiettivi e regole comuni e si collabora\u00a0con piacere i risultati si vedono&gt;. \u00a0Le iscrizioni a\u00a0Challenge\u00a0Rimini 2015 ed al Campionato Europeo di Triathlon Middle Distance si apriranno il\u00a015 luglio\u00a0\u00a0su <a href=\"https:\/\/commuserui-vip.aw.active.com\/click\/1\/43281003\/00ef5e29-079e-4f75-a4c5-9111c492136c\/3144607B-8418-4596-A196-84BF58C9A191\/\" target=\"_blank\">www.challenge-rimini.it<\/a>.<\/p>\n<div>\u00a0<\/div>\n<p>&nbsp;<\/p>\n<p>&nbsp;<\/p>\n","protected":false},"excerpt":{"rendered":"<p><p>Affinit\u00e0 elettive, verrebbe da dire. Pi\u00f9 semplicemente\u00a0succede che\u00a0un grande evento in genere chiami un grande evento. E cos\u00ec l&#8217;anno prossimo il\u00a0Rimini Challenge\u00a0sar\u00e0 anche prova\u00a0di \u00a0Campionato europeo sulla mezza distanza. Un bell&#8217;impegno per\u00a0ma anche un bell&#8217;onore\u00a0 che premia chi, \u00a0in un Paese dove si tende sempre di pi\u00f9 ad improvvisare, \u00a0fa le cose con puntiglio.\u00a0 Che poi \u00e8\u00a0 ci\u00f2 che fa la differenza. E chi c&#8217;\u00e8 stato o ha corso a Rimini in questi due anni si \u00e8 reso conto che il Challenge non\u00a0\u00e8 \u00a0soltanto una gara di triathlon lungo come tante ce ne sono.\u00a0Il Challenge \u00e8\u00a0un evento e si respira [&hellip;]<\/p>\n&nbsp;&nbsp;<div class=\"readmore\"><a href=\"https:\/\/blog.ilgiornale.it\/ruzzo\/2014\/06\/29\/leuropa-ci-guarda-rimini-capitale-del-triathlon\/\">Continua a leggere...<\/a><\/div><\/p>","protected":false},"author":956,"featured_media":0,"comment_status":"open","ping_status":"closed","sticky":false,"template":"","format":"standard","meta":[],"categories":[1],"tags":[],"_links":{"self":[{"href":"https:\/\/blog.ilgiornale.it\/ruzzo\/wp-json\/wp\/v2\/posts\/12454"}],"collection":[{"href":"https:\/\/blog.ilgiornale.it\/ruzzo\/wp-json\/wp\/v2\/posts"}],"about":[{"href":"https:\/\/blog.ilgiornale.it\/ruzzo\/wp-json\/wp\/v2\/types\/post"}],"author":[{"embeddable":true,"href":"https:\/\/blog.ilgiornale.it\/ruzzo\/wp-json\/wp\/v2\/users\/956"}],"replies":[{"embeddable":true,"href":"https:\/\/blog.ilgiornale.it\/ruzzo\/wp-json\/wp\/v2\/comments?post=12454"}],"version-history":[{"count":6,"href":"https:\/\/blog.ilgiornale.it\/ruzzo\/wp-json\/wp\/v2\/posts\/12454\/revisions"}],"predecessor-version":[{"id":12461,"href":"https:\/\/blog.ilgiornale.it\/ruzzo\/wp-json\/wp\/v2\/posts\/12454\/revisions\/12461"}],"wp:attachment":[{"href":"https:\/\/blog.ilgiornale.it\/ruzzo\/wp-json\/wp\/v2\/media?parent=12454"}],"wp:term":[{"taxonomy":"category","embeddable":true,"href":"https:\/\/blog.ilgiornale.it\/ruzzo\/wp-json\/wp\/v2\/categories?post=12454"},{"taxonomy":"post_tag","embeddable":true,"href":"https:\/\/blog.ilgiornale.it\/ruzzo\/wp-json\/wp\/v2\/tags?post=12454"}],"curies":[{"name":"wp","href":"https:\/\/api.w.org\/{rel}","templated":true}]}}