{"id":12462,"date":"2014-06-30T18:28:37","date_gmt":"2014-06-30T16:28:37","guid":{"rendered":"https:\/\/blog.ilgiornale.it\/ruzzo\/?p=12462"},"modified":"2014-06-30T19:56:28","modified_gmt":"2014-06-30T17:56:28","slug":"assalto-al-forte-versilia-terra-di-triatleti","status":"publish","type":"post","link":"https:\/\/blog.ilgiornale.it\/ruzzo\/2014\/06\/30\/assalto-al-forte-versilia-terra-di-triatleti\/","title":{"rendered":"Assalto al Forte, Versilia terra di triatleti"},"content":{"rendered":"<p><a href=\"https:\/\/blog.ilgiornale.it\/ruzzo\/files\/2014\/06\/DSCN81572.jpg\"><img loading=\"lazy\" class=\"alignleft size-thumbnail wp-image-12481\" src=\"https:\/\/blog.ilgiornale.it\/ruzzo\/files\/2014\/06\/DSCN81572-150x150.jpg\" alt=\"\" width=\"90\" height=\"90\" \/><\/a><a href=\"https:\/\/blog.ilgiornale.it\/ruzzo\/files\/2014\/06\/DSCN8239.jpg\"><img loading=\"lazy\" class=\"alignleft size-thumbnail wp-image-12473\" src=\"https:\/\/blog.ilgiornale.it\/ruzzo\/files\/2014\/06\/DSCN8239-150x150.jpg\" alt=\"\" width=\"90\" height=\"90\" \/><\/a><a href=\"https:\/\/blog.ilgiornale.it\/ruzzo\/files\/2014\/06\/DSCN8246.jpg\"><img loading=\"lazy\" class=\"alignleft size-thumbnail wp-image-12474\" src=\"https:\/\/blog.ilgiornale.it\/ruzzo\/files\/2014\/06\/DSCN8246-150x150.jpg\" alt=\"\" width=\"90\" height=\"90\" \/><\/a><a href=\"https:\/\/blog.ilgiornale.it\/ruzzo\/files\/2014\/06\/DSCN8261.jpg\"><img loading=\"lazy\" class=\"alignleft size-thumbnail wp-image-12475\" src=\"https:\/\/blog.ilgiornale.it\/ruzzo\/files\/2014\/06\/DSCN8261-150x150.jpg\" alt=\"\" width=\"90\" height=\"90\" \/><\/a>Assalto al <strong>Forte<\/strong>. Via mare, via lungomare, salendo e scendendo dalle colline che portano nel&#8217;entroterra di una Versilia che il 6 e il 7 settembre sar\u00e0 pi\u00f9 terra di triatleti che di turisti. O forse\u00a0 di tutti\u00a0e due. Assalto a <strong>Forte dei Marmi<\/strong> dove qualche decennio fa\u00a0la musica era quella\u00a0dei crooner della\u00a0<strong>Capannina<\/strong> e\u00a0il &lt;Sapore di mare&gt;\u00a0 quello raccontato dai fratelli <strong>Vanzina. <\/strong>E\u00a0\u00a0dove invece, \u00a0per il debutto del <strong>Garmin Trio, <\/strong>\u00a0sar\u00e0 tutta un&#8217;altra storia.\u00a0 Addio\u00a0 a parei,\u00a0 creme solari, drink in spiaggia e risvegli muscolari\u00a0per far spazio a un migliaio di &#8220;folli&#8221; che si butteranno a mare con le mute,\u00a0 proseguiranno in bici verso le colline e poi si giocheranno tempi e gara correndo avanti e indietro sul lungomare. Un migliaio e forse pi\u00f9 perch\u00e8, se la Versilia \u00e8 terra di ciclisti, l&#8217;intenzione \u00e8\u00a0 farla diventare nei prossimi anni anche terra di triatleti.\u00a0\u00a0E se per chi deve correre settembre sembra una data lontana, per chi deve pensare a organizzare questa &#8220;baraonda&#8221; il sei settembre \u00e8 dietro l&#8217;angolo. Cos\u00ec pochi giorni fa sul tracciato del <strong>Garmin Trio<\/strong> c&#8217;\u00e8 stato uno dei tanti sopralluoghi tecnici per prendere confidenza con un percorso che \u00e8 una novit\u00e0 per tutti. E vediamolo allora questo &#8220;mari e monti&#8221;. Si parte dal mare, dalla spiaggia al Confine tra <strong>Forte<\/strong> e <strong>Cinquale<\/strong>, 1500 metri in un unico giro che porter\u00e0 gli atleti ad uscire dall&#8217;acqua nella zona dell <strong>Sporting club<\/strong> e a raggiungere la zona cambio attraversando il lungomare di viale Italico. Poi la bici. Quaranta chilometri su due giri con un percorso che non sar\u00e0 una passeggiata e su cui bisogner\u00e0 fare attenzione e non lasciarci le gambe. Da viale Italico svolta a destra dopo qualche centnaio di metri verso <strong>Cinquale<\/strong> e <strong>Prato Capanne<\/strong> \u00a0e \u00a0e poi con un leggero falsopiano a salire in direzione di <strong>San Vito Cerreto<\/strong>. Dopo aver superato\u00a0l&#8217;<strong>Aurelia<\/strong> si inizia a salire. E sul serio. Un bello strappo prima di svoltare secco a destra ed iniziare il rientro verso <strong>Forte<\/strong> con un su \u00e8 gi\u00f9 da <strong>Melati Rossi Bassi<\/strong>, <strong>Strettoia<\/strong> fino a <strong>Ripa Pozzi Ponte Rosso. <\/strong>Da qui\u00a0\u00e8 gi\u00e0 profumo di mare e infatti dopo un paio di drittoni in via <strong>Alpi Apuane<\/strong> e\u00a0 Via <strong>XX Settembre<\/strong> si torna sul lungomare e si ricomincia. La corsa invece \u00e8 tutta sul lungomare di viale Italico. Un multilap da ripetere due volte che servir\u00e0 a capire chi ha ancora le gambe per fare la differenza e a raccogliere gli applausi meritati di mogli, figli, fidanzate e amici. Fine. Anzi no. Per la cronaca vanno segnalate ancora un paio di cose. Che il<strong> Garmin Trio<\/strong> non sar\u00e0 uno ma due con l'&#8221;olimpico&#8221; che si correr\u00e0 il sabato\u00a0sulle classiche distanze dei 1500 di nuoto, 40 km di bici e 10 km di corsa\u00a0e lo &#8220;sprint&#8221;\u00a0 in programma il giorno dopo su una distanza esattamente dimezzata. E poi le feste. Il classico pasta party dopo gara ma soprattutto la festa di sabato sera al <strong>Beach club<\/strong> con il dj set di <strong>Radio Deejay <\/strong>che conferma il suo feeling con il triathlon che conta. Perch\u00e8 d&#8217;accordo essere triatleti, d&#8217;accordo la fatica, la sofferenza, il mare, la muta e le mani sporche del grasso della catena&#8230;Ma il Forte e il Forte e la\u00a0&#8220;notte \u00e8 piccola&#8221;. Anche per gli eroi&#8230;<\/p>\n","protected":false},"excerpt":{"rendered":"<p><p>Assalto al Forte. Via mare, via lungomare, salendo e scendendo dalle colline che portano nel&#8217;entroterra di una Versilia che il 6 e il 7 settembre sar\u00e0 pi\u00f9 terra di triatleti che di turisti. O forse\u00a0 di tutti\u00a0e due. Assalto a Forte dei Marmi dove qualche decennio fa\u00a0la musica era quella\u00a0dei crooner della\u00a0Capannina e\u00a0il &lt;Sapore di mare&gt;\u00a0 quello raccontato dai fratelli Vanzina. E\u00a0\u00a0dove invece, \u00a0per il debutto del Garmin Trio, \u00a0sar\u00e0 tutta un&#8217;altra storia.\u00a0 Addio\u00a0 a parei,\u00a0 creme solari, drink in spiaggia e risvegli muscolari\u00a0per far spazio a un migliaio di &#8220;folli&#8221; che si butteranno a mare con le mute,\u00a0 proseguiranno [&hellip;]<\/p>\n&nbsp;&nbsp;<div class=\"readmore\"><a href=\"https:\/\/blog.ilgiornale.it\/ruzzo\/2014\/06\/30\/assalto-al-forte-versilia-terra-di-triatleti\/\">Continua a leggere...<\/a><\/div><\/p>","protected":false},"author":956,"featured_media":0,"comment_status":"open","ping_status":"closed","sticky":false,"template":"","format":"standard","meta":[],"categories":[1],"tags":[],"_links":{"self":[{"href":"https:\/\/blog.ilgiornale.it\/ruzzo\/wp-json\/wp\/v2\/posts\/12462"}],"collection":[{"href":"https:\/\/blog.ilgiornale.it\/ruzzo\/wp-json\/wp\/v2\/posts"}],"about":[{"href":"https:\/\/blog.ilgiornale.it\/ruzzo\/wp-json\/wp\/v2\/types\/post"}],"author":[{"embeddable":true,"href":"https:\/\/blog.ilgiornale.it\/ruzzo\/wp-json\/wp\/v2\/users\/956"}],"replies":[{"embeddable":true,"href":"https:\/\/blog.ilgiornale.it\/ruzzo\/wp-json\/wp\/v2\/comments?post=12462"}],"version-history":[{"count":14,"href":"https:\/\/blog.ilgiornale.it\/ruzzo\/wp-json\/wp\/v2\/posts\/12462\/revisions"}],"predecessor-version":[{"id":12482,"href":"https:\/\/blog.ilgiornale.it\/ruzzo\/wp-json\/wp\/v2\/posts\/12462\/revisions\/12482"}],"wp:attachment":[{"href":"https:\/\/blog.ilgiornale.it\/ruzzo\/wp-json\/wp\/v2\/media?parent=12462"}],"wp:term":[{"taxonomy":"category","embeddable":true,"href":"https:\/\/blog.ilgiornale.it\/ruzzo\/wp-json\/wp\/v2\/categories?post=12462"},{"taxonomy":"post_tag","embeddable":true,"href":"https:\/\/blog.ilgiornale.it\/ruzzo\/wp-json\/wp\/v2\/tags?post=12462"}],"curies":[{"name":"wp","href":"https:\/\/api.w.org\/{rel}","templated":true}]}}