{"id":12493,"date":"2014-07-02T18:54:09","date_gmt":"2014-07-02T16:54:09","guid":{"rendered":"https:\/\/blog.ilgiornale.it\/ruzzo\/?p=12493"},"modified":"2014-07-02T20:31:14","modified_gmt":"2014-07-02T18:31:14","slug":"maratona-dles-dolomites-e-il-tempo-di-sognare","status":"publish","type":"post","link":"https:\/\/blog.ilgiornale.it\/ruzzo\/2014\/07\/02\/maratona-dles-dolomites-e-il-tempo-di-sognare\/","title":{"rendered":"Maratona dles Dolomites&#8230;\u00e8 il tempo di sognare"},"content":{"rendered":"<p><a href=\"https:\/\/blog.ilgiornale.it\/ruzzo\/files\/2014\/07\/Maratona-dles-Dolomites.jpg\"><img loading=\"lazy\" class=\"alignright size-medium wp-image-12499\" src=\"https:\/\/blog.ilgiornale.it\/ruzzo\/files\/2014\/07\/Maratona-dles-Dolomites-300x119.jpg\" alt=\"\" width=\"300\" height=\"119\" srcset=\"https:\/\/blog.ilgiornale.it\/ruzzo\/files\/2014\/07\/Maratona-dles-Dolomites-300x119.jpg 300w, https:\/\/blog.ilgiornale.it\/ruzzo\/files\/2014\/07\/Maratona-dles-Dolomites.jpg 930w\" sizes=\"(max-width: 300px) 100vw, 300px\" \/><\/a>Sar\u00e0 il\u00a0tempo il tema che caratterizzer\u00e0 la <strong>Maratona dles Dolomites \u2013 Enel<\/strong>\u00a0 che si corre domenica. <strong>Michil Costa<\/strong>, che\u00a0\u00e8 mente, cuore e anima di questa corsa diventata l&#8217;oggetto del desiderio di chi pedala, \u00e8 anche un po&#8217; filosofo. E allora spiega: \u201cIl tempo, come i colori e come l\u2019amore, \u00e8 soggettivo. Importante \u00e8 che vi sia una condivisione di bellezza per un bel tempo insieme; poich\u00e9 nessuno ci restituir\u00e0 un tempo irrimediabilmente perso, auguriamoci di viverlo con gioia\u201d. Parole sante. Il tempo \u00e8 ci\u00f2 che ognuno di noi decide che sia, il tempo \u00e8 adesso, il tempo \u00e8 ci\u00f2 che non si deve trascurare per avere rimorsi e rimpianti. Il tempo \u00e8\u00a0\u00a0attesa quando non passa mai, adrenalina quando fugge via veloce,\u00a0 vuoto quando per qualsiasi motivo ti lascia sospeso. Il tempo \u00e8 la sensazione immediata della nostra vita: &lt;Carpe Diem&gt;, scriveva Orazio. Ed \u00e8\u00a0davvero cos\u00ec. \u00a0Ma\u00a0volando molto (molto) pi\u00f9 basso il tempo \u00e8 anche quello che ci prevedono i colonnelli dell&#8217;aeronautica quando ci raccontano delle alte pressioni, di quelle basse, delle perturbazioni in arrivo dall&#8217;Atlantico o dai Balcani. Una scienza, sempre pi\u00f9 esatta. Cos\u00ec i novemila cicilisti che domenica mattina all&#8217;alba partiranno per una delle granfondo pi\u00f9 affascinanti in circolazione un po&#8217; fanno gli scongiuri. Non ci sar\u00e0 bel tempo, forse piover\u00e0, quasi sicuramente far\u00e0 freddo. Perch\u00e8 la montagna\u00a0quando si fa sport spesso diventa un posto epico. Ma\u00a0la gioia sar\u00e0 la stessa e la emozioni anche. E la magia delle Dolomiti sar\u00e0 quella di sempre. Perch\u00e8 su queste cime e\u00a0in queste valli \u00a0il tempo sembra fermarsi\u00a0quando si pedala, \u00a0forse anche \u00a0per permettere a chi si arrampica sui tornanti del <strong>Gardena<\/strong>, del <strong>Giau<\/strong>, del <strong>Campolongo<\/strong> o del <strong>Pordoi<\/strong> di assaporarne meglio la storia e le leggende. Perch\u00e8 qui tempo e storia si intrecciano e spesso vanno a ritroso. \u00a0Ci sono le immagini di adesso e ci sono quelle che furono, la fatica in bianco e nero che ti avvicina al cielo e a uno sport dove la salita diventa l&#8217;essenza, il primo elemento, la &lt;livella&gt; che fa non fa sconti a nessuno.\u00a0 Non importano nomi e cognomi, non importano le griglie dei vip, non importa se sei <strong>De Benedetti<\/strong>, <strong>Marzotto<\/strong>, <strong>Garrone<\/strong>, <strong>Linus<\/strong>, <strong>Cassani<\/strong> o <strong>Juri Chechi<\/strong>. Qui il tempo \u00e8 uguale per tutti.\u00a0 Stessi secondi, stessi minuti, stesse ore passate a spingere su pedali che quando la strada va s\u00f9 diventano\u00a0le leve\u00a0della passione. Che \u00e8 la sofferenza ma soprattutto \u00e8 il fuoco che ognuno ha dentro. L&#8217;amore\u00a0per un gesto, per una bici, per luoghi che non hanno tempo. E allora il tempo si ferma perch\u00e8 c&#8217;\u00e8 sempre un tempo per sognare&#8230;.<\/p>\n","protected":false},"excerpt":{"rendered":"<p><p>Sar\u00e0 il\u00a0tempo il tema che caratterizzer\u00e0 la Maratona dles Dolomites \u2013 Enel\u00a0 che si corre domenica. Michil Costa, che\u00a0\u00e8 mente, cuore e anima di questa corsa diventata l&#8217;oggetto del desiderio di chi pedala, \u00e8 anche un po&#8217; filosofo. E allora spiega: \u201cIl tempo, come i colori e come l\u2019amore, \u00e8 soggettivo. Importante \u00e8 che vi sia una condivisione di bellezza per un bel tempo insieme; poich\u00e9 nessuno ci restituir\u00e0 un tempo irrimediabilmente perso, auguriamoci di viverlo con gioia\u201d. Parole sante. Il tempo \u00e8 ci\u00f2 che ognuno di noi decide che sia, il tempo \u00e8 adesso, il tempo \u00e8 ci\u00f2 che [&hellip;]<\/p>\n&nbsp;&nbsp;<div class=\"readmore\"><a href=\"https:\/\/blog.ilgiornale.it\/ruzzo\/2014\/07\/02\/maratona-dles-dolomites-e-il-tempo-di-sognare\/\">Continua a leggere...<\/a><\/div><\/p>","protected":false},"author":956,"featured_media":0,"comment_status":"open","ping_status":"closed","sticky":false,"template":"","format":"standard","meta":[],"categories":[1],"tags":[],"_links":{"self":[{"href":"https:\/\/blog.ilgiornale.it\/ruzzo\/wp-json\/wp\/v2\/posts\/12493"}],"collection":[{"href":"https:\/\/blog.ilgiornale.it\/ruzzo\/wp-json\/wp\/v2\/posts"}],"about":[{"href":"https:\/\/blog.ilgiornale.it\/ruzzo\/wp-json\/wp\/v2\/types\/post"}],"author":[{"embeddable":true,"href":"https:\/\/blog.ilgiornale.it\/ruzzo\/wp-json\/wp\/v2\/users\/956"}],"replies":[{"embeddable":true,"href":"https:\/\/blog.ilgiornale.it\/ruzzo\/wp-json\/wp\/v2\/comments?post=12493"}],"version-history":[{"count":7,"href":"https:\/\/blog.ilgiornale.it\/ruzzo\/wp-json\/wp\/v2\/posts\/12493\/revisions"}],"predecessor-version":[{"id":12515,"href":"https:\/\/blog.ilgiornale.it\/ruzzo\/wp-json\/wp\/v2\/posts\/12493\/revisions\/12515"}],"wp:attachment":[{"href":"https:\/\/blog.ilgiornale.it\/ruzzo\/wp-json\/wp\/v2\/media?parent=12493"}],"wp:term":[{"taxonomy":"category","embeddable":true,"href":"https:\/\/blog.ilgiornale.it\/ruzzo\/wp-json\/wp\/v2\/categories?post=12493"},{"taxonomy":"post_tag","embeddable":true,"href":"https:\/\/blog.ilgiornale.it\/ruzzo\/wp-json\/wp\/v2\/tags?post=12493"}],"curies":[{"name":"wp","href":"https:\/\/api.w.org\/{rel}","templated":true}]}}