{"id":12501,"date":"2014-07-03T17:39:18","date_gmt":"2014-07-03T15:39:18","guid":{"rendered":"https:\/\/blog.ilgiornale.it\/ruzzo\/?p=12501"},"modified":"2014-07-03T17:39:45","modified_gmt":"2014-07-03T15:39:45","slug":"campioni-mascherati-e-in-bolla","status":"publish","type":"post","link":"https:\/\/blog.ilgiornale.it\/ruzzo\/2014\/07\/03\/campioni-mascherati-e-in-bolla\/","title":{"rendered":"Campioni mascherati ( e in bolla)"},"content":{"rendered":"<p><a href=\"https:\/\/blog.ilgiornale.it\/ruzzo\/files\/2014\/07\/LUX_13591.jpg\"><img loading=\"lazy\" class=\"alignleft size-medium wp-image-12503\" src=\"https:\/\/blog.ilgiornale.it\/ruzzo\/files\/2014\/07\/LUX_13591-300x199.jpg\" alt=\"\" width=\"300\" height=\"199\" \/><\/a>Campioni mascherati, verrebbe da dire. Che si coprono il volto (e non solo il volto) pi\u00f9 per necessit\u00e0 che per appagare la propria vanit\u00e0. Cos\u00ec se <strong>Martin Castrogiovanni<\/strong> che si \u00e8 rotto due costole vuol scendere in campo nel \u00abSei nazioni\u00bb con la nazionale di rugby, passa di qui. Cos\u00ec se <strong>Giuliano Razzoli<\/strong>, ancorch\u00e8 acciaccato, non vuole rinunciare ad uno slalom di Coppa del Mondo, passa di qui. E cos\u00ec se un calciatore come il portiere del Chelsea <strong>Peter Chech<\/strong> si frattura il naso ma vuol giocare perch\u00e9 deve guadagnarsi un posto in squadra nella sua nazionale passa di qui. Maschere di protezione, progettate e costruite su misura con i materiali pi\u00f9 ricercati e \u00abgriffate\u00bb, personalizzate e impreziosite con tutto ci\u00f2 che i campioni chiedono, perch\u00e9 capricci e scaramanzia fanno parte del gioco. Maschere che sono un vanto di quel made in Italy che parla milanese e ha conoscenze e creativit\u00e0 che servono per far business. A due passi dai Navigli, in Corso San Gottardo dove da otto anni ormai <strong>Ortholabsport,<\/strong> l\u2019azienda nata dall\u2019intuizione di due ortopedici, \u00e8 diventata un punto fisso per sportivi e non solo. \u00ab\u00c9 nato tutto un po\u2019 per caso &#8211; racconta<strong> Lucilla Pezzoni<\/strong> &#8211; perch\u00e9 prima lavoravamo ognuno per conto proprio e poi, visto che eravamo vicini di azienda e tutti e due pi\u00f9 o meno nello stesso settore, abbiamo deciso di collaborare. Ci siamo messi insieme ed \u00e8 nata <strong>Ortholabsport<\/strong> che per\u00f2 non \u00e8 solo maschere perch\u00e9 ci occupiamo anche di tante altre soluzioni ortopediche che non servono solo agli atleti professionisti\u00bb. Ma i campioni qui fanno la fila. Da <strong>Fernando Torres<\/strong> anche lui per qualche mese bomber mascherato, ad <strong>Alvaro Pereira<\/strong>, il terzino uruguayano ex Inter. Dalla punta del Milan <strong>Giampaolo Pazzini<\/strong>, all\u2019ex nerazzurro <strong>Christian Chivu<\/strong>, da <strong>Criscito<\/strong> a <strong>Cordoba<\/strong> e tanti altri ancora: \u00abLa passione per lo sport \u00e8 alla base di tutto &#8211; spiega<strong> Stefano Duchini<\/strong> -. Il nostro compito \u00e8 proteggere un atleta che si \u00e8 infortunato, cercare di evitare che si infortuni nuovamente e comunque permettergli di scendere in campo pi\u00f9 sicuro. Entriamo in scena dopo medici e fisioterapisti\u00bb. Ma non solo maschere protettive. <strong>Ortholabsport<\/strong> \u00e8 anche un \u00absantuario\u00bb anche per chi corre. \u00abQui rimettiamo in \u201cbolla\u201d molti corridori\u00bb, dice scherzando <strong>Duchini.<\/strong> Ma neanche tanto scherzando. Analisi della corsa, analisi dello scheletro dei runner con un paio di telecamere speciali in una stanza che sembra uno studio della Nasa per arrivare poi a progettare \u00absolette\u00bb che permettono anche a runner che hanno una corsa non proprio perfetta di correggersi. \u00abMa l\u2019epoca dei supporti ortopedici correttivi \u00e8 passata &#8211; spiegano in Ortholabsport -. Ora ci sono plantari che permettono a chi corre di migliorare le prestazioni, fare meno fatica, avere una spinta migliore&#8230;\u00bb. Plantari ortopedici, neosensoriali , biomeccanici in carbonio..insomma quasi fantacienza. Che invece \u00e8 realt\u00e0 che prende forma dopo un esame dinamico della corsa, un test sul tappeto e dopo il calco del piede. E anche per questo, qui al Ticinese, ci sono campioni che fanno la fila.<\/p>\n","protected":false},"excerpt":{"rendered":"<p><p>Campioni mascherati, verrebbe da dire. Che si coprono il volto (e non solo il volto) pi\u00f9 per necessit\u00e0 che per appagare la propria vanit\u00e0. Cos\u00ec se Martin Castrogiovanni che si \u00e8 rotto due costole vuol scendere in campo nel \u00abSei nazioni\u00bb con la nazionale di rugby, passa di qui. Cos\u00ec se Giuliano Razzoli, ancorch\u00e8 acciaccato, non vuole rinunciare ad uno slalom di Coppa del Mondo, passa di qui. E cos\u00ec se un calciatore come il portiere del Chelsea Peter Chech si frattura il naso ma vuol giocare perch\u00e9 deve guadagnarsi un posto in squadra nella sua nazionale passa di qui. [&hellip;]<\/p>\n&nbsp;&nbsp;<div class=\"readmore\"><a href=\"https:\/\/blog.ilgiornale.it\/ruzzo\/2014\/07\/03\/campioni-mascherati-e-in-bolla\/\">Continua a leggere...<\/a><\/div><\/p>","protected":false},"author":956,"featured_media":0,"comment_status":"open","ping_status":"closed","sticky":false,"template":"","format":"standard","meta":[],"categories":[1],"tags":[],"_links":{"self":[{"href":"https:\/\/blog.ilgiornale.it\/ruzzo\/wp-json\/wp\/v2\/posts\/12501"}],"collection":[{"href":"https:\/\/blog.ilgiornale.it\/ruzzo\/wp-json\/wp\/v2\/posts"}],"about":[{"href":"https:\/\/blog.ilgiornale.it\/ruzzo\/wp-json\/wp\/v2\/types\/post"}],"author":[{"embeddable":true,"href":"https:\/\/blog.ilgiornale.it\/ruzzo\/wp-json\/wp\/v2\/users\/956"}],"replies":[{"embeddable":true,"href":"https:\/\/blog.ilgiornale.it\/ruzzo\/wp-json\/wp\/v2\/comments?post=12501"}],"version-history":[{"count":3,"href":"https:\/\/blog.ilgiornale.it\/ruzzo\/wp-json\/wp\/v2\/posts\/12501\/revisions"}],"predecessor-version":[{"id":12517,"href":"https:\/\/blog.ilgiornale.it\/ruzzo\/wp-json\/wp\/v2\/posts\/12501\/revisions\/12517"}],"wp:attachment":[{"href":"https:\/\/blog.ilgiornale.it\/ruzzo\/wp-json\/wp\/v2\/media?parent=12501"}],"wp:term":[{"taxonomy":"category","embeddable":true,"href":"https:\/\/blog.ilgiornale.it\/ruzzo\/wp-json\/wp\/v2\/categories?post=12501"},{"taxonomy":"post_tag","embeddable":true,"href":"https:\/\/blog.ilgiornale.it\/ruzzo\/wp-json\/wp\/v2\/tags?post=12501"}],"curies":[{"name":"wp","href":"https:\/\/api.w.org\/{rel}","templated":true}]}}