{"id":12518,"date":"2014-07-04T12:04:09","date_gmt":"2014-07-04T10:04:09","guid":{"rendered":"https:\/\/blog.ilgiornale.it\/ruzzo\/?p=12518"},"modified":"2014-07-04T14:16:51","modified_gmt":"2014-07-04T12:16:51","slug":"martina-dogana-il-triathlon-e-uno-stile-di-vita","status":"publish","type":"post","link":"https:\/\/blog.ilgiornale.it\/ruzzo\/2014\/07\/04\/martina-dogana-il-triathlon-e-uno-stile-di-vita\/","title":{"rendered":"Martina Dogana: &#8220;Il triathlon? E&#8217; uno stile di vita&#8230;&#8221;"},"content":{"rendered":"<p><a href=\"https:\/\/blog.ilgiornale.it\/ruzzo\/files\/2014\/07\/f17.jpg\"><img loading=\"lazy\" class=\"alignleft size-medium wp-image-12538\" src=\"https:\/\/blog.ilgiornale.it\/ruzzo\/files\/2014\/07\/f17-200x300.jpg\" alt=\"\" width=\"200\" height=\"300\" srcset=\"https:\/\/blog.ilgiornale.it\/ruzzo\/files\/2014\/07\/f17-200x300.jpg 200w, https:\/\/blog.ilgiornale.it\/ruzzo\/files\/2014\/07\/f17-683x1024.jpg 683w, https:\/\/blog.ilgiornale.it\/ruzzo\/files\/2014\/07\/f17.jpg 1088w\" sizes=\"(max-width: 200px) 100vw, 200px\" \/><\/a>Quando si sente dire che lei \u00e8 un&#8217;istituzione del triathlon azzurro si mette a ridere: &#8220;Questo non me l&#8217;aveva mai detto nessuno&#8230;&#8221;. Poi per\u00f2 ti fermi un attimo a riflettere ti convinci che quando si parla di <strong>Martina Dogana<\/strong> \u00e8 davvero cos\u00ec. Difficile non pensare a lei quando devi farti venire in mente una donna italiana che abbia scritto pagine importanti di questo sport.\u00a0 E l&#8217;atleta di Valdagno di imprese importanti ne ha firmate parecchie in questi anni a cominciare da una bella laurea in lingue. Ha vestito per diverse volte la maglia della nazionale azzurra, \u00a0\u00e8 stata per due volte ai mondiali di Ironman di Kona alla Hawaii, ha vinto un Ironman ( a Nizza nel 2008), un titolo europeo a squadre nella distanza lunga (nel 2010 in Spagna),\u00a0 gare del world tour, del Challenge e titoli italiani ( tanti), l&#8217;ultimo poche settimane fa a Barberino del Mugello sulla media distanza.\u00a0 La scorsa settimana \u00e8 arrivata\u00a0 prima anche sul traguardo del <strong>Varonolake113, <\/strong>una partecipazione decisa all&#8217;ultimo momento pi\u00f9 col \u00a0cuore che con la testa. Ma soprattutto dettata dalla voglia di cominciare ragionare come dice lei &#8221; in modalit\u00e0 ironman&#8221;. Gi\u00e0, perch\u00e8 a fine agosto l&#8217;atleta del <strong>Forhans Team<\/strong>\u00a0 torner\u00e0 alla full distance nel <strong>Challenge di Vichy.<\/strong><\/p>\n<p>&nbsp;<\/p>\n<blockquote><p><strong>Cominciamo dalla fine. Allora torna a gareggiare in un Ironman?<\/strong><br \/>\n&#8220;S\u00ec,\u00a0ad agosto in Francia nel Challenge di Vichy. E&#8217; una sfida che mi affascina&#8230;<br \/>\n<strong>Per\u00f2 impegnativa, diciamo che\u00a0per preparare una gara cos\u00ec la testa dev&#8217;essere tutta l\u00ec&#8230;<\/strong><br \/>\n&#8220;Diciamolo. Anche se poi non \u00e8 che diventa una fissa. Per\u00f2 bisogna prepararsi e cos\u00ec si mettono in cantiere una serie di gare di avvicinamento come il\u00a070.3 di Arona che quest&#8217;anno ho deciso di tornae a correre. E&#8217; una gara molto bella e molto ben organizzata&#8221;<br \/>\n<strong>E se va bene magari torna a fare un pensierino ai mondiali di Kona?<\/strong><br \/>\n&#8220;No, per Kona il discorso \u00e8 diverso. Ci sono stata due volte e quello era l&#8217;obbiettivo che professionalmente volevo raggiungere. Per il resto devo ammettere che non \u00e8 una gara che si adatta alle mie caratteristiche ma si addice ad atlete pi\u00f9 potenti di me. E poi le condizioni di corsa sono davvero estreme. Diciamo che l\u00e0 non sono competitiva&#8230;<br \/>\n<strong>Quindi?<\/strong><br \/>\n&#8220;Quindi non \u00e8 una fissa. Non mi alleno, non corro e non vivo pensando ai mondiali di Kona. Certo se dovesse capitare&#8230;<br \/>\n<strong>Sembra un po&#8217; il file rouge della sua vita sportiva. Lei che da ragazzina faceva atletica e sci di fondo poi si \u00e8 ritrovata a far triathlon&#8230;<\/strong><br \/>\n&#8220;Non \u00e8 proprio cos\u00ec. La mia storia in questo sport \u00e8 una tradizione familiare visto che mio padre e mia mamma facevano tutti e due triathlon. Io da piccola ho cominciato a fare atletica e andavo sugli sci da fondo come tanti bambini qui dalle mie parti visto che siamo abbastanza vicini all&#8217;Altopiano di Asiago.<br \/>\n<strong>Poi la scintilla&#8230;<\/strong><br \/>\n&#8220;Si anche se forse \u00e8 stato pi\u00f9 un innamoramento lento visto che il nuoto non era il mio forte&#8230;<br \/>\n<strong>Anche oggi?<\/strong><br \/>\n&#8220;Oggi va decisamente meglio. Sono migliorata&#8221;<br \/>\n<strong>E&#8217; il suo punto forte?<\/strong><br \/>\n&#8220;No, magari&#8230; Il mio punto forte resta la corsa. Io arrivo da l\u00ec..&#8221;<br \/>\n<strong>Pero a forza di allenamenti, sacrifici e rinunce la famosa coperta corta di cui parlano tutti i triatleti si \u00e8 allungata parecchio&#8230;<\/strong><br \/>\n&#8220;Si \u00e8 vero. E&#8217; il problema di tutti: cercare di trovare una buon equilibrio tra i tre sport. Ci si allena duramente e si fanno sacrifici ma non \u00e8 una vita di rinunce&#8230;&#8221;<br \/>\n<strong>Deve dire grazie a qualcuno?<br \/>\n<\/strong>&#8220;Alla mia famiglia innanzitutto. E ora anche al mio compagno Mirko&#8230;che \u00e8 molto paziente&#8230;&#8221;<br \/>\n<strong>Corre anche lui?<br \/>\n&#8220;<\/strong>Nuota, corre e pedala&#8230;ma non gareggia.\u00a0E&#8217;il mio factotum, il mio consigliere e il mio primo tifoso. Se non ci fosse lui per me sarebbe un guaio. Quindi&#8230;niente gare&#8221;<br \/>\n<strong>Le manca qualcosa della vita &#8220;normale&#8221;?<\/strong><br \/>\n&#8221; Guardi che la mia \u00e8 una vita normalissima. Non vivo nulla come rinuncia perch\u00e8 faccio ci\u00f2 che mi appassiona pi\u00f9 di tutto ed \u00e8 stata una mia scelta&#8221;<br \/>\n<strong>Ma non le pesa di essere sempre in giro a gareggiare?<\/strong><br \/>\n&#8220;Sinceramente non \u00e8 che faccio una vita da giramondo. Anche se devo ammmettere che quando penso ad una vacanza penso soprattutto di starmene a casa mia senza muovermi&#8221;<br \/>\n<strong>E magari a a scrivere&#8230;<\/strong><br \/>\n&#8220;A gi\u00e0. il mio libro sul Triathlon&#8230;<br \/>\n<strong>Come \u00e8 nata l&#8217;idea&#8230;<\/strong><br \/>\n&#8220;L&#8217;idea \u00e8 venuta agli editori della Hoepli che volevano pubblicare qualcosa su questo sport che sta obbiettivamente crescendo. Per\u00f2 si sono accorti che le pubblicazioni erano quasi sempre molto tecniche piene di tabelle e schemi di allenamento\u00a0o comunque traduzioni di scritti gi\u00e0 pubblicati&#8221;<br \/>\n<strong>E allora?<\/strong><br \/>\n&#8220;E allora abbiamo pensato di scrivere un qualcosa che fosse s\u00ec una guida ma anche uno strumento per avvicinare chi fosse incuriosito a questo sport. Un libro per rendere il triathlon un po&#8217; pi\u00f9 fruibile isomma..<br \/>\n<strong>Gi\u00e0 perch\u00e8 questo resta uno sport da superuomini o superdonne nell&#8217;immaginario collettivo&#8230;<\/strong><br \/>\n&#8220;Si \u00e8 vero, anche se poi in realt\u00e0 non e cos\u00ec. Certo, una gara di triathlon non \u00e8 una passaggiata ma neppure un&#8217;impresa titanica&#8221;<br \/>\n<strong>Quindi cosa consiglia a chi ci vuol provare?<\/strong><br \/>\n&#8220;Innanzitutto di venire a vedere una gara. E poi di fare le cose con metodo, senza strafare&#8221;<br \/>\n<strong>Qual \u00e8 il rischio di improvvisare&#8230;<\/strong><br \/>\n&#8220;E&#8217; quello di farsi male, di infortunarsi ma \u00e8 soprattutto quello di avere poi dopo qualche mese di full immersion una crisi di rigetto..<br \/>\n<strong>E cos\u00ec si molla tutto<\/strong><br \/>\n&#8220;S\u00ec. proprio cos\u00ec&#8230;&#8221;<br \/>\n<strong>E invece il triathlon se uno non molla cosa ti insegna&#8230;<\/strong><br \/>\n&#8220;Il triathlon \u00e8 uno dei pochi sport dove ognuno mette in gioco se stesso. Certo, c&#8217;\u00e8 la sfida con gli altri ma sopratttutto la sfida \u00e8 con se stessi.\u00a0E uno sport che migliora l&#8217;autostima&#8221;<br \/>\n<strong>E magari aiuta un po&#8217; a sognare. Lei cos&#8217;ha nel cassetto?<\/strong><br \/>\nUn Ironman sotto le nove ore&#8230;<br \/>\n<strong>Magari ad agosto ala Challenge di Vichy&#8230;<\/strong><br \/>\n&#8220;Magari&#8230;&#8221;<\/p><\/blockquote>\n","protected":false},"excerpt":{"rendered":"<p><p>Quando si sente dire che lei \u00e8 un&#8217;istituzione del triathlon azzurro si mette a ridere: &#8220;Questo non me l&#8217;aveva mai detto nessuno&#8230;&#8221;. Poi per\u00f2 ti fermi un attimo a riflettere ti convinci che quando si parla di Martina Dogana \u00e8 davvero cos\u00ec. Difficile non pensare a lei quando devi farti venire in mente una donna italiana che abbia scritto pagine importanti di questo sport.\u00a0 E l&#8217;atleta di Valdagno di imprese importanti ne ha firmate parecchie in questi anni a cominciare da una bella laurea in lingue. Ha vestito per diverse volte la maglia della nazionale azzurra, \u00a0\u00e8 stata per due [&hellip;]<\/p>\n&nbsp;&nbsp;<div class=\"readmore\"><a href=\"https:\/\/blog.ilgiornale.it\/ruzzo\/2014\/07\/04\/martina-dogana-il-triathlon-e-uno-stile-di-vita\/\">Continua a leggere...<\/a><\/div><\/p>","protected":false},"author":956,"featured_media":0,"comment_status":"open","ping_status":"closed","sticky":false,"template":"","format":"standard","meta":[],"categories":[1],"tags":[],"_links":{"self":[{"href":"https:\/\/blog.ilgiornale.it\/ruzzo\/wp-json\/wp\/v2\/posts\/12518"}],"collection":[{"href":"https:\/\/blog.ilgiornale.it\/ruzzo\/wp-json\/wp\/v2\/posts"}],"about":[{"href":"https:\/\/blog.ilgiornale.it\/ruzzo\/wp-json\/wp\/v2\/types\/post"}],"author":[{"embeddable":true,"href":"https:\/\/blog.ilgiornale.it\/ruzzo\/wp-json\/wp\/v2\/users\/956"}],"replies":[{"embeddable":true,"href":"https:\/\/blog.ilgiornale.it\/ruzzo\/wp-json\/wp\/v2\/comments?post=12518"}],"version-history":[{"count":18,"href":"https:\/\/blog.ilgiornale.it\/ruzzo\/wp-json\/wp\/v2\/posts\/12518\/revisions"}],"predecessor-version":[{"id":12539,"href":"https:\/\/blog.ilgiornale.it\/ruzzo\/wp-json\/wp\/v2\/posts\/12518\/revisions\/12539"}],"wp:attachment":[{"href":"https:\/\/blog.ilgiornale.it\/ruzzo\/wp-json\/wp\/v2\/media?parent=12518"}],"wp:term":[{"taxonomy":"category","embeddable":true,"href":"https:\/\/blog.ilgiornale.it\/ruzzo\/wp-json\/wp\/v2\/categories?post=12518"},{"taxonomy":"post_tag","embeddable":true,"href":"https:\/\/blog.ilgiornale.it\/ruzzo\/wp-json\/wp\/v2\/tags?post=12518"}],"curies":[{"name":"wp","href":"https:\/\/api.w.org\/{rel}","templated":true}]}}