{"id":12540,"date":"2014-07-05T21:32:53","date_gmt":"2014-07-05T19:32:53","guid":{"rendered":"https:\/\/blog.ilgiornale.it\/ruzzo\/?p=12540"},"modified":"2014-07-05T21:32:53","modified_gmt":"2014-07-05T19:32:53","slug":"magie-di-franciacorta-la-maratona-si-fa-in-tre","status":"publish","type":"post","link":"https:\/\/blog.ilgiornale.it\/ruzzo\/2014\/07\/05\/magie-di-franciacorta-la-maratona-si-fa-in-tre\/","title":{"rendered":"Magie di Franciacorta: la maratona si fa in tre"},"content":{"rendered":"<p>Si svela nell\u2019incantevole Cantina Bellavista la 2a Maratona della Franciacorta. La distanza e&#8217; quella classica di 42 km e 195metri ma in tre tappe che rende tutto pi\u00f9 facile e forse pi\u00f9 alla portata di tutti. Organizzata  dall\u2019Asd Equipe Running in collaborazione con Consorzio per la tutela del Franciacorta e La strada della Franciacorta che da sempre ne condividono gli intenti la maratona della Franciacorta e&#8217; una di quelle gare che sempre di pi\u00f9 mettono insieme il fascino della corsa con quello dei luoghi che si attraversano. E una gara tecnica per chi vuole fare sul serio ma anche un bello spot per avvicinare la gente alla corsa. E la conferma arriva da Francesca Moretti, Presidente delle Strade di Franciacorta: \u201cAbbinare le nostre strade a questo evento sportivo \u00e8 stata una grande idea. Franciacorta \u00e8 sinonimo di turismo, ottimo vino, buon cibo, e vedere e girare \u2018di corsa\u2019 i nostri luoghi \u00e8 qualcosa di unico. Crediamo e vogliamo crescere insieme a questo evento sportivo\u201d. Il sindaco di Cortefranca Giuseppe Foresti la pensa allo stesso modo: \u201cOrganizzare un evento sportivo in un luogo a forte vocazione turistica come la Franciacorta \u00e8 qualcosa di splendido. Passano tanti messaggi anche salutistici: correre, camminare o andare in bicicletta fa bene. Affianchiamo l\u2019organizzazione dando tutto quello che possiamo e soprattutto riceviamo dagli organizzatori e dai partecipanti tanto entusiasmo\u201d. Infine la parola al Prof. Gabriele Rosa, guida tecnica di questa maratona franciacortina: \u201cCi siamo spostati con l\u2019evento qualche settimana pi\u00f9 avanti per via dei mondiali di calcio pensando ci fosse la nazionale italiana impegnata. Cos\u00ec non \u00e8 stato, ma il clima sar\u00e0 comunque favorevole perch\u00e9 le prime due tappe sono nelle ore serali, mentre la terza di domenica mattina \u00e8 comunque di soli 10km. Si corre nei magnifici luoghi e nelle strade delle Franciacorta dove per anni io con i miei atleti keniani abbiamo costruito i successi nelle pi\u00f9 importanti maratone del mondo. Torneranno i ragazzi di San Patrignano e inizieremo un nuovo progetto studiato con la Fondazione Veronesi che porter\u00e0 donne mastectomizzate a correre la Maratona di New York. Vogliamo dunque che passi forte il messaggio che correre fa bene, infatti \u2018Movimento Utile\u2019 \u00e8 il nostro slogan del momento\u201d. Messaggio pi\u00f9 appropriato non poteva essere creato. E cos\u00ec saranno tre i percorsi che sommati tra loro daranno come risultato la maratona della Franciacorta, con tre tracciati che attraversano gli angoli pi\u00f9 belli delle colline franciacortine. Il via  Venerd\u00ed 18 Luglio con la tappa Adro \u2013 Erbusco \u2013 Adro di 11,098 chilometri, sabato sar\u00e0 la volta della mezza con \u201cQuattropassi in Franciacorta\u201d di km 21,097  con partenza da Camignone di Passirano  e domenica la conclusione con la tappa di Corte Franca una 10 chilometri facile e per tutti.<\/p>\n","protected":false},"excerpt":{"rendered":"<p><p>Si svela nell\u2019incantevole Cantina Bellavista la 2a Maratona della Franciacorta. La distanza e&#8217; quella classica di 42 km e 195metri ma in tre tappe che rende tutto pi\u00f9 facile e forse pi\u00f9 alla portata di tutti. Organizzata dall\u2019Asd Equipe Running in collaborazione con Consorzio per la tutela del Franciacorta e La strada della Franciacorta che da sempre ne condividono gli intenti la maratona della Franciacorta e&#8217; una di quelle gare che sempre di pi\u00f9 mettono insieme il fascino della corsa con quello dei luoghi che si attraversano. E una gara tecnica per chi vuole fare sul serio ma anche un [&hellip;]<\/p>\n&nbsp;&nbsp;<div class=\"readmore\"><a href=\"https:\/\/blog.ilgiornale.it\/ruzzo\/2014\/07\/05\/magie-di-franciacorta-la-maratona-si-fa-in-tre\/\">Continua a leggere...<\/a><\/div><\/p>","protected":false},"author":956,"featured_media":0,"comment_status":"open","ping_status":"closed","sticky":false,"template":"","format":"standard","meta":[],"categories":[1],"tags":[],"_links":{"self":[{"href":"https:\/\/blog.ilgiornale.it\/ruzzo\/wp-json\/wp\/v2\/posts\/12540"}],"collection":[{"href":"https:\/\/blog.ilgiornale.it\/ruzzo\/wp-json\/wp\/v2\/posts"}],"about":[{"href":"https:\/\/blog.ilgiornale.it\/ruzzo\/wp-json\/wp\/v2\/types\/post"}],"author":[{"embeddable":true,"href":"https:\/\/blog.ilgiornale.it\/ruzzo\/wp-json\/wp\/v2\/users\/956"}],"replies":[{"embeddable":true,"href":"https:\/\/blog.ilgiornale.it\/ruzzo\/wp-json\/wp\/v2\/comments?post=12540"}],"version-history":[{"count":6,"href":"https:\/\/blog.ilgiornale.it\/ruzzo\/wp-json\/wp\/v2\/posts\/12540\/revisions"}],"predecessor-version":[{"id":12550,"href":"https:\/\/blog.ilgiornale.it\/ruzzo\/wp-json\/wp\/v2\/posts\/12540\/revisions\/12550"}],"wp:attachment":[{"href":"https:\/\/blog.ilgiornale.it\/ruzzo\/wp-json\/wp\/v2\/media?parent=12540"}],"wp:term":[{"taxonomy":"category","embeddable":true,"href":"https:\/\/blog.ilgiornale.it\/ruzzo\/wp-json\/wp\/v2\/categories?post=12540"},{"taxonomy":"post_tag","embeddable":true,"href":"https:\/\/blog.ilgiornale.it\/ruzzo\/wp-json\/wp\/v2\/tags?post=12540"}],"curies":[{"name":"wp","href":"https:\/\/api.w.org\/{rel}","templated":true}]}}