{"id":12572,"date":"2014-07-08T15:04:51","date_gmt":"2014-07-08T13:04:51","guid":{"rendered":"https:\/\/blog.ilgiornale.it\/ruzzo\/?p=12572"},"modified":"2014-07-08T15:33:26","modified_gmt":"2014-07-08T13:33:26","slug":"caro-nibali-rimetti-il-tricolore","status":"publish","type":"post","link":"https:\/\/blog.ilgiornale.it\/ruzzo\/2014\/07\/08\/caro-nibali-rimetti-il-tricolore\/","title":{"rendered":"Caro Nibali, rimetti il Tricolore"},"content":{"rendered":"<p><a href=\"https:\/\/blog.ilgiornale.it\/ruzzo\/files\/2014\/07\/image6.jpg\"><img loading=\"lazy\" src=\"https:\/\/blog.ilgiornale.it\/ruzzo\/files\/2014\/07\/image6.jpg\" alt=\"\" width=\"299\" height=\"169\" class=\"alignleft size-full wp-image-12579\" \/><\/a>Meno male che Vincenzo Nibali da un paio di giorni al Tour s&#8217;\u00e8 messo la maglia gialla. Meno male perch\u00e8 \u00e8 sempre una bella  emozione fare il tifo per un italiano al comando, ma soprattutto perch\u00e8 cos\u00ec  si tolto la maglia Tricolore di campione italiano. Proprio non si poteva vedere. Meglio nulla che non quell&#8217;ipotesi di bandiera italiana , nascosta, tollerata, sovrastata dal celeste imperante dell&#8217;Astana che ovviamente mette i denari e quindi detta le regole del gioco. E il gioco al Tour \u00e8 soprattutto quello del business che si contende ogni centimetro di maglietta, di salopette, di caschetto, scarpine e biciclette. C&#8217;\u00e8 sempre spazio per un adesivo, un&#8217;immagine, uno slogan: basta pagare. E il Tour del France \u00e8 un evento che solo due giorni fa a Londra ha portato sulle strade pi\u00f9 di un milione di tifosi. Senza contare quelli che si piazzano ogni giorno davanti alla tv. Quindi i padroni del vapore sono gli sponsor che del Tricolore non sanno che farsene. Soprattutto di quello italiano perch\u00e8 con le altre Federazioni non va proprio cos\u00ec: \u00e8 una questione di pesi e contrappesi, di forze in campo, di prestigio e di autorevolezza. Ognuno conta per quanto vale. E allora la maglia di campione italiano di Vincenzo Nibali diventa un obbrobrio inguardabile. Diventa un mezzo insulto, un qualcosa che vorrebbe essere un compromesso ed invece \u00e8 la classica toppa che \u00e8 peggio del buco. Se dev&#8217;essere Tricolore non pu\u00f2 essere quella &#8220;roba&#8221; che hanno pensato all&#8217;Astana. Meglio niente allora. Meglio il giallo. E che Nibali lo tenga pi\u00f9 a lungo possibile&#8230;magari fino a Parigi. E poi sulpodio dei Campi Elisi salga con un bel Tricolore avvolto sulle spalle. Quello vero per\u00f2&#8230;<\/p>\n","protected":false},"excerpt":{"rendered":"<p><p>Meno male che Vincenzo Nibali da un paio di giorni al Tour s&#8217;\u00e8 messo la maglia gialla. Meno male perch\u00e8 \u00e8 sempre una bella emozione fare il tifo per un italiano al comando, ma soprattutto perch\u00e8 cos\u00ec si tolto la maglia Tricolore di campione italiano. Proprio non si poteva vedere. Meglio nulla che non quell&#8217;ipotesi di bandiera italiana , nascosta, tollerata, sovrastata dal celeste imperante dell&#8217;Astana che ovviamente mette i denari e quindi detta le regole del gioco. E il gioco al Tour \u00e8 soprattutto quello del business che si contende ogni centimetro di maglietta, di salopette, di caschetto, scarpine [&hellip;]<\/p>\n&nbsp;&nbsp;<div class=\"readmore\"><a href=\"https:\/\/blog.ilgiornale.it\/ruzzo\/2014\/07\/08\/caro-nibali-rimetti-il-tricolore\/\">Continua a leggere...<\/a><\/div><\/p>","protected":false},"author":956,"featured_media":0,"comment_status":"open","ping_status":"closed","sticky":false,"template":"","format":"standard","meta":[],"categories":[1],"tags":[],"_links":{"self":[{"href":"https:\/\/blog.ilgiornale.it\/ruzzo\/wp-json\/wp\/v2\/posts\/12572"}],"collection":[{"href":"https:\/\/blog.ilgiornale.it\/ruzzo\/wp-json\/wp\/v2\/posts"}],"about":[{"href":"https:\/\/blog.ilgiornale.it\/ruzzo\/wp-json\/wp\/v2\/types\/post"}],"author":[{"embeddable":true,"href":"https:\/\/blog.ilgiornale.it\/ruzzo\/wp-json\/wp\/v2\/users\/956"}],"replies":[{"embeddable":true,"href":"https:\/\/blog.ilgiornale.it\/ruzzo\/wp-json\/wp\/v2\/comments?post=12572"}],"version-history":[{"count":7,"href":"https:\/\/blog.ilgiornale.it\/ruzzo\/wp-json\/wp\/v2\/posts\/12572\/revisions"}],"predecessor-version":[{"id":12574,"href":"https:\/\/blog.ilgiornale.it\/ruzzo\/wp-json\/wp\/v2\/posts\/12572\/revisions\/12574"}],"wp:attachment":[{"href":"https:\/\/blog.ilgiornale.it\/ruzzo\/wp-json\/wp\/v2\/media?parent=12572"}],"wp:term":[{"taxonomy":"category","embeddable":true,"href":"https:\/\/blog.ilgiornale.it\/ruzzo\/wp-json\/wp\/v2\/categories?post=12572"},{"taxonomy":"post_tag","embeddable":true,"href":"https:\/\/blog.ilgiornale.it\/ruzzo\/wp-json\/wp\/v2\/tags?post=12572"}],"curies":[{"name":"wp","href":"https:\/\/api.w.org\/{rel}","templated":true}]}}