{"id":12595,"date":"2014-07-11T15:51:28","date_gmt":"2014-07-11T13:51:28","guid":{"rendered":"https:\/\/blog.ilgiornale.it\/ruzzo\/?p=12595"},"modified":"2014-07-11T21:41:47","modified_gmt":"2014-07-11T19:41:47","slug":"nibali-con-laccento","status":"publish","type":"post","link":"https:\/\/blog.ilgiornale.it\/ruzzo\/2014\/07\/11\/nibali-con-laccento\/","title":{"rendered":"Nibali&#8217; (con l&#8217;accento)"},"content":{"rendered":"<p><a href=\"https:\/\/blog.ilgiornale.it\/ruzzo\/files\/2014\/07\/image9.jpg\"><img loading=\"lazy\" src=\"https:\/\/blog.ilgiornale.it\/ruzzo\/files\/2014\/07\/image9-225x300.jpg\" alt=\"\" width=\"225\" height=\"300\" class=\"alignleft size-medium wp-image-12597\" srcset=\"https:\/\/blog.ilgiornale.it\/ruzzo\/files\/2014\/07\/image9-225x300.jpg 225w, https:\/\/blog.ilgiornale.it\/ruzzo\/files\/2014\/07\/image9.jpg 600w\" sizes=\"(max-width: 225px) 100vw, 225px\" \/><\/a>Come ha detto Stefano Garzelli oggi nell&#8217;ottima diretta Rai sul Tour de France (ma perch\u00e8 non fanno cos\u00ec bene anche il Giro?) Vincenzino Nibali \u00e8 cos\u00ec amato dai francesi perch\u00e8 \u00e8 la prima maglia gialla degli ultimi anni che gira senza scorta sulle strade della Grand Boucle. Da Armstrong a Contador, da Wiggins a Froome a Cadel Evans erano un po&#8217; tutti inavvicinabili. Nibali invece \u00e8 li sereno e disponibile che lo possono anche toccare&#8230;E sar\u00e0 forse per questo che dopo la tappa epica del pav\u00e9 l&#8217;Equipe gli ha dedicato la prima pagina per intero. Impensabile da noi. Oggi la Gazza apre il giornale con Inzaghi, il calciomercato e i ritiri delle nostre squadre che cominciano la preparazione pre-campionato. Nibali \u00e8 in un angolo e solo un po&#8217; di spazio in pi\u00f9 si guadagnano le due finali del mondiale di calcio. Va cos\u00ec da noi. Va che se uno dei pochi campioni in grado di rilanciare il ciclismo azzurro alla disperata ricerca di un personaggio da spendersi conquista la maglia gialla e domina una delle pi\u00f9 belle tappe degli ultimi anni finisce, al massimo, in uno &#8220;strillo&#8221; in prima pagina del maggior quotidiano sportivo. Che invece ( c&#8217;\u00e8 da scommetterci)  gli avrebbe dedicato una pagina intera se fosse stato anche solo sospettato di doping. E la nostra visione dello sport, viene da dire che \u00e8 quella che ci meritiamo:  valgono di pi\u00f9 il raduno della Roma sulle Dolomiti, i capricci di Balotelli, le vicende di cuore di Buffon o i pronostici su chi vincer\u00e0 il prossimo campionato che un azzurro in giallo al Tour. Cos\u00ec, per chi ha una scala di valori sportivi solo un po&#8217; diversa, non resta che consolarsi con l&#8217;Equipe che comunque non \u00e8 proprio la Gazzetta del Trigno, ammesso che esista. E Vincenzino Nibali, il campione gentiluomo come lo ha ribattezzato Dino Zandeg\u00f9, diventa il nuovo eroe dei francesi. Nibal\u00ec con l&#8217;accento per adesso. Noi come sempre seguiamo a ruota&#8230;<\/p>\n","protected":false},"excerpt":{"rendered":"<p><p>Come ha detto Stefano Garzelli oggi nell&#8217;ottima diretta Rai sul Tour de France (ma perch\u00e8 non fanno cos\u00ec bene anche il Giro?) Vincenzino Nibali \u00e8 cos\u00ec amato dai francesi perch\u00e8 \u00e8 la prima maglia gialla degli ultimi anni che gira senza scorta sulle strade della Grand Boucle. Da Armstrong a Contador, da Wiggins a Froome a Cadel Evans erano un po&#8217; tutti inavvicinabili. Nibali invece \u00e8 li sereno e disponibile che lo possono anche toccare&#8230;E sar\u00e0 forse per questo che dopo la tappa epica del pav\u00e9 l&#8217;Equipe gli ha dedicato la prima pagina per intero. Impensabile da noi. Oggi la [&hellip;]<\/p>\n&nbsp;&nbsp;<div class=\"readmore\"><a href=\"https:\/\/blog.ilgiornale.it\/ruzzo\/2014\/07\/11\/nibali-con-laccento\/\">Continua a leggere...<\/a><\/div><\/p>","protected":false},"author":956,"featured_media":0,"comment_status":"open","ping_status":"closed","sticky":false,"template":"","format":"standard","meta":[],"categories":[1],"tags":[],"_links":{"self":[{"href":"https:\/\/blog.ilgiornale.it\/ruzzo\/wp-json\/wp\/v2\/posts\/12595"}],"collection":[{"href":"https:\/\/blog.ilgiornale.it\/ruzzo\/wp-json\/wp\/v2\/posts"}],"about":[{"href":"https:\/\/blog.ilgiornale.it\/ruzzo\/wp-json\/wp\/v2\/types\/post"}],"author":[{"embeddable":true,"href":"https:\/\/blog.ilgiornale.it\/ruzzo\/wp-json\/wp\/v2\/users\/956"}],"replies":[{"embeddable":true,"href":"https:\/\/blog.ilgiornale.it\/ruzzo\/wp-json\/wp\/v2\/comments?post=12595"}],"version-history":[{"count":7,"href":"https:\/\/blog.ilgiornale.it\/ruzzo\/wp-json\/wp\/v2\/posts\/12595\/revisions"}],"predecessor-version":[{"id":12605,"href":"https:\/\/blog.ilgiornale.it\/ruzzo\/wp-json\/wp\/v2\/posts\/12595\/revisions\/12605"}],"wp:attachment":[{"href":"https:\/\/blog.ilgiornale.it\/ruzzo\/wp-json\/wp\/v2\/media?parent=12595"}],"wp:term":[{"taxonomy":"category","embeddable":true,"href":"https:\/\/blog.ilgiornale.it\/ruzzo\/wp-json\/wp\/v2\/categories?post=12595"},{"taxonomy":"post_tag","embeddable":true,"href":"https:\/\/blog.ilgiornale.it\/ruzzo\/wp-json\/wp\/v2\/tags?post=12595"}],"curies":[{"name":"wp","href":"https:\/\/api.w.org\/{rel}","templated":true}]}}