{"id":12607,"date":"2014-07-12T23:09:16","date_gmt":"2014-07-12T21:09:16","guid":{"rendered":"https:\/\/blog.ilgiornale.it\/ruzzo\/?p=12607"},"modified":"2014-07-13T01:24:58","modified_gmt":"2014-07-12T23:24:58","slug":"granfondo-colnago-2015-ecco-le-novita","status":"publish","type":"post","link":"https:\/\/blog.ilgiornale.it\/ruzzo\/2014\/07\/12\/granfondo-colnago-2015-ecco-le-novita\/","title":{"rendered":"Granfondo Colnago 2015: ecco le novit\u00e0"},"content":{"rendered":"<p><a href=\"https:\/\/blog.ilgiornale.it\/ruzzo\/files\/2014\/07\/image10.jpg\"><img loading=\"lazy\" class=\"alignleft size-medium wp-image-12608\" src=\"https:\/\/blog.ilgiornale.it\/ruzzo\/files\/2014\/07\/image10-300x200.jpg\" alt=\"\" width=\"300\" height=\"200\" srcset=\"https:\/\/blog.ilgiornale.it\/ruzzo\/files\/2014\/07\/image10-300x200.jpg 300w, https:\/\/blog.ilgiornale.it\/ruzzo\/files\/2014\/07\/image10-1024x683.jpg 1024w\" sizes=\"(max-width: 300px) 100vw, 300px\" \/><\/a>E&#8217; gi\u00e0 al lavoro il comitato organizzatore del Colnago Cycling Festival, che si ripresenta nel 2015 con due grandi novit\u00e0: posticipa di una settimana rispetto il 2014, posizionandosi nel fine settimana del 8, 9 e 10 maggio, rinnova completamente i percorsi. Saranno ancora tre comunque i giorni di questa che \u00e8 sempre pi\u00f9 una festa del ciclismo tra gare. iniziative e incontri dedicati a tutto ci\u00f2 che ruota intorno alle due ruote.\u00a0 Con dieci mesi di anticipo viene dato il via ufficiale ai lavori della 3\u00aa edizione del Colnago Cycling Festival, che nel 2015 presenter\u00e0 tante conferme, ma anche gradite novit\u00e0. Innanzitutto la data. L&#8217;evento verr\u00e0 posticipato di una settimana, quindi si svolger\u00e0 nel fine settimana dell&#8217;8, 9 e 10 maggio, dando seguito ad un grande progetto di promozione dell&#8217;evento e del territorio. Altra gradita novit\u00e0 tecnica sar\u00e0 il totale rinnovamento dei tre percorsi di gara. Si lasceranno le Colline Moreniche per godersi maggiormente il Lago di Garda, migliorando l&#8217;aspetto scenico dei tracciati. Il Comitato Organizzatore, grazie al supporto di Ernesto Colnago e di tutta l&#8217;amministrazione locale di Desenzano del Garda, \u00e8 gi\u00e0 al lavoro nell&#8217;organizzazione di questo evento che in poco tempo si \u00e8 guadagnato spazio sul territorio nazionale. A settembre verranno presentati i nuovi percorsi e aperte le iscrizioni.<\/p>\n<p>www.colnagocyclingfestival.com<\/p>\n","protected":false},"excerpt":{"rendered":"<p><p>E&#8217; gi\u00e0 al lavoro il comitato organizzatore del Colnago Cycling Festival, che si ripresenta nel 2015 con due grandi novit\u00e0: posticipa di una settimana rispetto il 2014, posizionandosi nel fine settimana del 8, 9 e 10 maggio, rinnova completamente i percorsi. Saranno ancora tre comunque i giorni di questa che \u00e8 sempre pi\u00f9 una festa del ciclismo tra gare. iniziative e incontri dedicati a tutto ci\u00f2 che ruota intorno alle due ruote.\u00a0 Con dieci mesi di anticipo viene dato il via ufficiale ai lavori della 3\u00aa edizione del Colnago Cycling Festival, che nel 2015 presenter\u00e0 tante conferme, ma anche gradite [&hellip;]<\/p>\n&nbsp;&nbsp;<div class=\"readmore\"><a href=\"https:\/\/blog.ilgiornale.it\/ruzzo\/2014\/07\/12\/granfondo-colnago-2015-ecco-le-novita\/\">Continua a leggere...<\/a><\/div><\/p>","protected":false},"author":956,"featured_media":0,"comment_status":"open","ping_status":"closed","sticky":false,"template":"","format":"standard","meta":[],"categories":[1],"tags":[],"_links":{"self":[{"href":"https:\/\/blog.ilgiornale.it\/ruzzo\/wp-json\/wp\/v2\/posts\/12607"}],"collection":[{"href":"https:\/\/blog.ilgiornale.it\/ruzzo\/wp-json\/wp\/v2\/posts"}],"about":[{"href":"https:\/\/blog.ilgiornale.it\/ruzzo\/wp-json\/wp\/v2\/types\/post"}],"author":[{"embeddable":true,"href":"https:\/\/blog.ilgiornale.it\/ruzzo\/wp-json\/wp\/v2\/users\/956"}],"replies":[{"embeddable":true,"href":"https:\/\/blog.ilgiornale.it\/ruzzo\/wp-json\/wp\/v2\/comments?post=12607"}],"version-history":[{"count":3,"href":"https:\/\/blog.ilgiornale.it\/ruzzo\/wp-json\/wp\/v2\/posts\/12607\/revisions"}],"predecessor-version":[{"id":12610,"href":"https:\/\/blog.ilgiornale.it\/ruzzo\/wp-json\/wp\/v2\/posts\/12607\/revisions\/12610"}],"wp:attachment":[{"href":"https:\/\/blog.ilgiornale.it\/ruzzo\/wp-json\/wp\/v2\/media?parent=12607"}],"wp:term":[{"taxonomy":"category","embeddable":true,"href":"https:\/\/blog.ilgiornale.it\/ruzzo\/wp-json\/wp\/v2\/categories?post=12607"},{"taxonomy":"post_tag","embeddable":true,"href":"https:\/\/blog.ilgiornale.it\/ruzzo\/wp-json\/wp\/v2\/tags?post=12607"}],"curies":[{"name":"wp","href":"https:\/\/api.w.org\/{rel}","templated":true}]}}