{"id":12621,"date":"2014-07-16T23:57:33","date_gmt":"2014-07-16T21:57:33","guid":{"rendered":"https:\/\/blog.ilgiornale.it\/ruzzo\/?p=12621"},"modified":"2014-07-17T10:51:24","modified_gmt":"2014-07-17T08:51:24","slug":"dolomitica-quando-in-bici-non-si-fa-solo-fatica","status":"publish","type":"post","link":"https:\/\/blog.ilgiornale.it\/ruzzo\/2014\/07\/16\/dolomitica-quando-in-bici-non-si-fa-solo-fatica\/","title":{"rendered":"Dolomitica, quando in bici non si fa solo fatica"},"content":{"rendered":"<p>La \u201cDolomitica\u201d\u00a0 \u00e8 la gara ciclsitica pi\u00f9 dura del mondo. E c&#8217;\u00e8 da crederci. Non tanto perch\u00e8 lo dicano gli\u00a0 organizzatri ma perch\u00e8 basta dare un&#8217;occhiata al percorso per rendersi conto che, al di l\u00e0 dei record o delle esagerazioni, chi correr\u00e0 la <strong>Dolomitica<\/strong> il prossimo 5 settembre\u00a0 non far\u00e0 una passeggiata. Servono gambe e cuore per\u00a0farsi\u00a0\u00a0 600 chilometri in 24 ore e per scalare quasi 16.000 metri di dislivello.\u00a0 Servono gambe e cuore per andare \u00a0Cordignano\u00a0fin sulle vette che hanno fatto la storia del ciclismo, dal \u00a0Medean-Pianezze al monte Tomba, al monte Grappa, al passo Broccon. E poi il passo Manghen, il San Pellegrino, il Fedaia, il Pordoi e il Campolongo. E non \u00e8 finita perch\u00e8 prima di ritornare a Cordignano arrivano il \u00a0ValParola, il Giau, lo Staulanza, il Duran,\u00a0 il Forcella-Aurine, l\u2019 Alpe del Nevegal,\u00a0il Crosetta e monte Gaiardin. La <strong>Dolomitica<\/strong>\u00a0\u00e8 tutto questo. La corsa che il si correr\u00e0 tra meno di 60 giorni \u00a0con il patrocinio del Comune di Cordignano e della provincia di Treviso \u00e8 una sfida a prescindere dai primati e dalla fatica. Una gara dove ognuno cercher\u00e0 il suo i traguardo che poi per tutti \u00e8 prima di ogni cosa quello di arrivare fino in fondo. Ma c&#8217;\u00e8 dell&#8217;altro.\u00a0 A meno di due mesi dal via sono tante le iniziative che stano prendendo forma intorno alla corsa nell&#8217;Area Expo dove si terranno eventi, concerti e attivit\u00e0 anche dedicate ai i pi\u00f9 piccini. Da segnalare\u00a0 ad esempio o\u00a0 <strong>Scrapp Cycle\u00a0<\/strong> in collaborazione con <strong>La Mente Comune di Padova.<\/strong>\u00a0\u00a0Una manifestazione\u00a0 per sensibilizzare gli sportivi (ma non solo loro)\u00a0\u00a0al riciclo ed al riutilizzo dei materiali. Infatti la scaletta di questo evento prevede una sfida a squadre durante la quale i gruppi ricostruiranno delle biciclette da una schiera di oggetti ciclistici ricuperati dai rottami. Con il gruppo <strong>Gandin<\/strong> di Conegliano \u00e9 stato organizzato poi\u00a0 il corso di guida sicura per i neo e i futuri patentati, con lo scopo di sensibilizzare i giovani ad una guida pi\u00f9 accorta. C&#8217;\u00e8 anche chi correr\u00e0 per altri traguardi,\u00a0 pi\u00f9 alti ancora delle vette\u00a0Dolmitiche da scalare.\u00a0A cominciare dal\u00a0 <strong>Team autismo.sos<\/strong> che sta raccogliendo fondi per la autismo.sos onlus, che si occupa di dare assistenza ai ragazzi autistici e dall&#8217;ex \u00a0professionista <strong>Marzio Bruseghin<\/strong> sta raccogliendo fondi per il reparto pediatria dell&#8217;ospedale di Conegliano. (<a href=\"http:\/\/www.ultracyclingdolomitica.com\">www.ultracyclingdolomitica.com<\/a>)<\/p>\n<p>&nbsp;<\/p>\n","protected":false},"excerpt":{"rendered":"<p><p>La \u201cDolomitica\u201d\u00a0 \u00e8 la gara ciclsitica pi\u00f9 dura del mondo. E c&#8217;\u00e8 da crederci. Non tanto perch\u00e8 lo dicano gli\u00a0 organizzatri ma perch\u00e8 basta dare un&#8217;occhiata al percorso per rendersi conto che, al di l\u00e0 dei record o delle esagerazioni, chi correr\u00e0 la Dolomitica il prossimo 5 settembre\u00a0 non far\u00e0 una passeggiata. Servono gambe e cuore per\u00a0farsi\u00a0\u00a0 600 chilometri in 24 ore e per scalare quasi 16.000 metri di dislivello.\u00a0 Servono gambe e cuore per andare \u00a0Cordignano\u00a0fin sulle vette che hanno fatto la storia del ciclismo, dal \u00a0Medean-Pianezze al monte Tomba, al monte Grappa, al passo Broccon. E poi il [&hellip;]<\/p>\n&nbsp;&nbsp;<div class=\"readmore\"><a href=\"https:\/\/blog.ilgiornale.it\/ruzzo\/2014\/07\/16\/dolomitica-quando-in-bici-non-si-fa-solo-fatica\/\">Continua a leggere...<\/a><\/div><\/p>","protected":false},"author":956,"featured_media":0,"comment_status":"open","ping_status":"closed","sticky":false,"template":"","format":"standard","meta":[],"categories":[1],"tags":[],"_links":{"self":[{"href":"https:\/\/blog.ilgiornale.it\/ruzzo\/wp-json\/wp\/v2\/posts\/12621"}],"collection":[{"href":"https:\/\/blog.ilgiornale.it\/ruzzo\/wp-json\/wp\/v2\/posts"}],"about":[{"href":"https:\/\/blog.ilgiornale.it\/ruzzo\/wp-json\/wp\/v2\/types\/post"}],"author":[{"embeddable":true,"href":"https:\/\/blog.ilgiornale.it\/ruzzo\/wp-json\/wp\/v2\/users\/956"}],"replies":[{"embeddable":true,"href":"https:\/\/blog.ilgiornale.it\/ruzzo\/wp-json\/wp\/v2\/comments?post=12621"}],"version-history":[{"count":4,"href":"https:\/\/blog.ilgiornale.it\/ruzzo\/wp-json\/wp\/v2\/posts\/12621\/revisions"}],"predecessor-version":[{"id":12639,"href":"https:\/\/blog.ilgiornale.it\/ruzzo\/wp-json\/wp\/v2\/posts\/12621\/revisions\/12639"}],"wp:attachment":[{"href":"https:\/\/blog.ilgiornale.it\/ruzzo\/wp-json\/wp\/v2\/media?parent=12621"}],"wp:term":[{"taxonomy":"category","embeddable":true,"href":"https:\/\/blog.ilgiornale.it\/ruzzo\/wp-json\/wp\/v2\/categories?post=12621"},{"taxonomy":"post_tag","embeddable":true,"href":"https:\/\/blog.ilgiornale.it\/ruzzo\/wp-json\/wp\/v2\/tags?post=12621"}],"curies":[{"name":"wp","href":"https:\/\/api.w.org\/{rel}","templated":true}]}}