{"id":12626,"date":"2014-07-15T19:02:45","date_gmt":"2014-07-15T17:02:45","guid":{"rendered":"https:\/\/blog.ilgiornale.it\/ruzzo\/?p=12626"},"modified":"2014-07-16T10:22:14","modified_gmt":"2014-07-16T08:22:14","slug":"dieci-anni-fa-la-magia-olimpica-di-baldini","status":"publish","type":"post","link":"https:\/\/blog.ilgiornale.it\/ruzzo\/2014\/07\/15\/dieci-anni-fa-la-magia-olimpica-di-baldini\/","title":{"rendered":"Dieci anni fa&#8230;la magia olimpica di Baldini"},"content":{"rendered":"<p><a href=\"https:\/\/blog.ilgiornale.it\/ruzzo\/files\/2014\/07\/NEWS_33199.jpg\"><img loading=\"lazy\" class=\"alignleft size-medium wp-image-12628\" src=\"https:\/\/blog.ilgiornale.it\/ruzzo\/files\/2014\/07\/NEWS_33199-231x300.jpg\" alt=\"\" width=\"231\" height=\"300\" \/><\/a>Dieci anni fa era dolcissimo il tramonto azzurro sul cielo di Atene.\u00a0 E quella\u00a0 luce calda che accarezzava la corsa degli\u00a0 eroi alla fine illuminata dai fari delle moto della giuria <strong>Stefano Baldini<\/strong> ancora se la porta negli occhi. Si porta nel cuore quel trionfo, l&#8217;ingresso al Panatinaik\u00f2, l&#8217;urlo di gioia , i pugni chiusi, il &#8220;Bravo, bravo bravo&#8230;&#8221; scandito nelle fantastica telecronaca di <strong>Franco Bragagna<\/strong>, l&#8217;applauso di una nazione che forse non lo conosceva e che magari era capitata un po&#8217; per caso davanti alla tv in quel tardo pomeriggio estivo. Ma \u00e8 cos\u00ec che nascono le leggende. Sono scritte da qualche parte, fanno parte del destino degli uomini normali e dei campioni. E <strong>Stefano Baldini\u00a0<\/strong> ha tutte e due queste virt\u00f9 che tanto piacciono agli dei. Mai un peccato di &#8220;ubris&#8221;, un campione di semplicit\u00e0 perfetto per vincere l&#8217;oro olimpico nella pi\u00f9 affascinante e romantica delle gare. Oro da Maratona ad Atene, il sogno dei sogni per un uomo che ha speso\u00a0 nella maratona un pezzo della sua vita. E cos\u00ec\u00a0 venerd\u00ec 29 agosto saranno passati dieci anni esatti dalla maratona dei Giochi olimpici di Atene 2004. Vola il tempo ma le emozioni restano l\u00ec, intatte, scorrono sotto la pelle come \u00e8 giusto che sia per imprese come questa che fermano le tappe di una vita da appassionati. Baldini ha annunciato di voler festeggiare la ricorrenza a Rubiera, dove abita, invitando tutti gli appassionati a partecipare a una serata intitolata \u201cAtene 2004+10\u201d, che prevede un allenamento collettivo (5 o 10 km, a scelta del partecipante) , un pasta-party e un concerto di band musicali in piazza. Sul palco, prima della musica, verr\u00e0 presentata l\u2019edizione aggiornata del suo libro, intitolato \u201cCon le ali ai piedi\u201d. \u00abTutti gli appassionati sono invitati\u00a0&#8211;\u00a0ha precisato il campione olimpico, oggi direttore tecnico delle squadre nazionali giovanili della Fidal\u00a0-. Avremo tutti la maglietta celebrativa col pettorale 2157 stampato sul petto. Partiremo assieme alle 18.30 per correre alla stessa ora dei chilometri decisivi di Atene. Io vorrei arrivare in piazza, dopo i 10 km, alle 19.10, il momento in cui, esattamente dieci anni prima, stavo tagliando il traguardo della maratona olimpica.\u00bb\u00a0 L\u2019organizzazione porta la firma della societ\u00e0 di Baldini, la Calcestruzzi Corradini Excelsior di Rubiera, sul cui sito \u00e8 possibile effettuare l\u2019iscrizione (<a href=\"http:\/\/www.corradiniatletica.eu\/\" target=\"_blank\">www.corradiniatletica.eu<\/a>\u00a0, al link:\u00a0<a href=\"http:\/\/bit.lv\/1qR8xmt\" target=\"_blank\">http:\/\/bit.lv\/1qR8xmt<\/a>\u00a0).\u00a0 Dieci anni fa era dolcissimo il tramonto azzurro sul cielo da Atene. E il 29 agosto lo sar\u00e0 anche quello di Rubiera. C&#8217;\u00e8 da scommetterci.<\/p>\n","protected":false},"excerpt":{"rendered":"<p><p>Dieci anni fa era dolcissimo il tramonto azzurro sul cielo di Atene.\u00a0 E quella\u00a0 luce calda che accarezzava la corsa degli\u00a0 eroi alla fine illuminata dai fari delle moto della giuria Stefano Baldini ancora se la porta negli occhi. Si porta nel cuore quel trionfo, l&#8217;ingresso al Panatinaik\u00f2, l&#8217;urlo di gioia , i pugni chiusi, il &#8220;Bravo, bravo bravo&#8230;&#8221; scandito nelle fantastica telecronaca di Franco Bragagna, l&#8217;applauso di una nazione che forse non lo conosceva e che magari era capitata un po&#8217; per caso davanti alla tv in quel tardo pomeriggio estivo. Ma \u00e8 cos\u00ec che nascono le leggende. Sono [&hellip;]<\/p>\n&nbsp;&nbsp;<div class=\"readmore\"><a href=\"https:\/\/blog.ilgiornale.it\/ruzzo\/2014\/07\/15\/dieci-anni-fa-la-magia-olimpica-di-baldini\/\">Continua a leggere...<\/a><\/div><\/p>","protected":false},"author":956,"featured_media":0,"comment_status":"open","ping_status":"closed","sticky":false,"template":"","format":"standard","meta":[],"categories":[1],"tags":[],"_links":{"self":[{"href":"https:\/\/blog.ilgiornale.it\/ruzzo\/wp-json\/wp\/v2\/posts\/12626"}],"collection":[{"href":"https:\/\/blog.ilgiornale.it\/ruzzo\/wp-json\/wp\/v2\/posts"}],"about":[{"href":"https:\/\/blog.ilgiornale.it\/ruzzo\/wp-json\/wp\/v2\/types\/post"}],"author":[{"embeddable":true,"href":"https:\/\/blog.ilgiornale.it\/ruzzo\/wp-json\/wp\/v2\/users\/956"}],"replies":[{"embeddable":true,"href":"https:\/\/blog.ilgiornale.it\/ruzzo\/wp-json\/wp\/v2\/comments?post=12626"}],"version-history":[{"count":8,"href":"https:\/\/blog.ilgiornale.it\/ruzzo\/wp-json\/wp\/v2\/posts\/12626\/revisions"}],"predecessor-version":[{"id":12635,"href":"https:\/\/blog.ilgiornale.it\/ruzzo\/wp-json\/wp\/v2\/posts\/12626\/revisions\/12635"}],"wp:attachment":[{"href":"https:\/\/blog.ilgiornale.it\/ruzzo\/wp-json\/wp\/v2\/media?parent=12626"}],"wp:term":[{"taxonomy":"category","embeddable":true,"href":"https:\/\/blog.ilgiornale.it\/ruzzo\/wp-json\/wp\/v2\/categories?post=12626"},{"taxonomy":"post_tag","embeddable":true,"href":"https:\/\/blog.ilgiornale.it\/ruzzo\/wp-json\/wp\/v2\/tags?post=12626"}],"curies":[{"name":"wp","href":"https:\/\/api.w.org\/{rel}","templated":true}]}}