{"id":12651,"date":"2014-07-18T18:49:42","date_gmt":"2014-07-18T16:49:42","guid":{"rendered":"https:\/\/blog.ilgiornale.it\/ruzzo\/?p=12651"},"modified":"2014-07-18T20:40:44","modified_gmt":"2014-07-18T18:40:44","slug":"fly-team-quando-il-ciclismo-vola-alto","status":"publish","type":"post","link":"https:\/\/blog.ilgiornale.it\/ruzzo\/2014\/07\/18\/fly-team-quando-il-ciclismo-vola-alto\/","title":{"rendered":"Fly team, quando il ciclismo vola alto&#8230;"},"content":{"rendered":"<p><a href=\"https:\/\/blog.ilgiornale.it\/ruzzo\/files\/2014\/07\/Alcuni-atleti-del-Fly_Cycling_Team_accanto-allammiraglia-della-squadra.jpg\"><img loading=\"lazy\" class=\"alignleft size-medium wp-image-12653\" src=\"https:\/\/blog.ilgiornale.it\/ruzzo\/files\/2014\/07\/Alcuni-atleti-del-Fly_Cycling_Team_accanto-allammiraglia-della-squadra-300x224.jpg\" alt=\"\" width=\"300\" height=\"224\" \/><\/a>C&#8217;\u00e8 un ciclismo che va oltre il Tour de France. Oltre il giallo di <strong>Vincenzo Nibali<\/strong> e alla sua terza vittoria in un Grande Boucle che sta dominando. Domenica infatti si corre la &#8220;Freccia dei Vini&#8221; , corsa dilettantisca per\u00a0Elite e under 23.\u00a0 Una classica che parte da\u00a0Vigevano e\u00a0\u00a0poi se ne va per oltre 150 chilometri nell&#8217;Oltrepo pavese con un bel po&#8217; di\u00a0 gran premi della montagna da Oliva Gessi, a Mornico, da Pietra de\u2019 Giorgi a Canneto, dal\u00a0Muro di Donelasco a Mont\u00f9 Beccarla. Terra di vini l&#8217;Oltrepo&#8217; che per una mattinata si trasformer\u00e0 in terra di sudore e di fatica. Ma non \u00e8 questo che far\u00e0 la differenza\u00a0nella\u00a0&#8220;Freccia&#8221; di domenica. Ci\u00f2 che va raccontata \u00e8 la storia di una squadra che pedala per vincere una gara che va al di l\u00e0 della gloria sportiva.\u00a0\u00a0 Al via della 43ma edizione\u00a0 ci sar\u00e0 infatti il <strong>Fly Cycling Team<\/strong>, la formazione ciclistica semi-professionistica sostenuta da <strong>Sanofi<\/strong>,composta da 13 atleti, 4 dei quali con diabete mellito di tipo 1. A guidare il team <strong>Andrea Pirovano, <\/strong>giovane atleta con diabete di tipo 1 che, grazie alla passione per le due ruote, ha superato le difficolt\u00e0 a questa patologia. \u201cPuntiamo a raggiungere importanti traguardi sfidando il diabete e la volont\u00e0 di sensibilizzare il pubblico sulla prevenzione della patologia- spiega- E\u00a0 siamo felici di essere al via di questa gara molto impegnativa da un punto di vista fisico perch\u00e8 \u00e8 un&#8217;ulteriore dimostrazione di come anche atleti con diabete possono competere al pari di chi non convive con questa patologia.\u201d\u00a0 La sfida di questi giovani ciclisti non \u00e8 solo quella di raggiungere importanti traguardi sportivi, ma anche contribuire a contrastare il pregiudizio che troppo spesso circonda le persone con diabete e a sensibilizzare il pubblico sull\u2019importanza di adottare un corretto stile di vita, di cui lo sport \u00e8 parte fondamentale.\u00a0E infatti il <strong>Fly Cycling Team<\/strong> parteciper\u00e0 quest&#8217;anno a oltre\u00a0 50 delle pi\u00f9 importanti gare ciclistiche regionali, nazionali e internazionali\u00a0 portando\u00a0sulle strade questo messaggio e il proprio esempio. Non sar\u00e0 il Tour ma c&#8217;\u00e8 una maglia gialla anche per questi ragazzi&#8230;<\/p>\n","protected":false},"excerpt":{"rendered":"<p><p>C&#8217;\u00e8 un ciclismo che va oltre il Tour de France. Oltre il giallo di Vincenzo Nibali e alla sua terza vittoria in un Grande Boucle che sta dominando. Domenica infatti si corre la &#8220;Freccia dei Vini&#8221; , corsa dilettantisca per\u00a0Elite e under 23.\u00a0 Una classica che parte da\u00a0Vigevano e\u00a0\u00a0poi se ne va per oltre 150 chilometri nell&#8217;Oltrepo pavese con un bel po&#8217; di\u00a0 gran premi della montagna da Oliva Gessi, a Mornico, da Pietra de\u2019 Giorgi a Canneto, dal\u00a0Muro di Donelasco a Mont\u00f9 Beccarla. Terra di vini l&#8217;Oltrepo&#8217; che per una mattinata si trasformer\u00e0 in terra di sudore e di [&hellip;]<\/p>\n&nbsp;&nbsp;<div class=\"readmore\"><a href=\"https:\/\/blog.ilgiornale.it\/ruzzo\/2014\/07\/18\/fly-team-quando-il-ciclismo-vola-alto\/\">Continua a leggere...<\/a><\/div><\/p>","protected":false},"author":956,"featured_media":0,"comment_status":"open","ping_status":"closed","sticky":false,"template":"","format":"standard","meta":[],"categories":[1],"tags":[],"_links":{"self":[{"href":"https:\/\/blog.ilgiornale.it\/ruzzo\/wp-json\/wp\/v2\/posts\/12651"}],"collection":[{"href":"https:\/\/blog.ilgiornale.it\/ruzzo\/wp-json\/wp\/v2\/posts"}],"about":[{"href":"https:\/\/blog.ilgiornale.it\/ruzzo\/wp-json\/wp\/v2\/types\/post"}],"author":[{"embeddable":true,"href":"https:\/\/blog.ilgiornale.it\/ruzzo\/wp-json\/wp\/v2\/users\/956"}],"replies":[{"embeddable":true,"href":"https:\/\/blog.ilgiornale.it\/ruzzo\/wp-json\/wp\/v2\/comments?post=12651"}],"version-history":[{"count":4,"href":"https:\/\/blog.ilgiornale.it\/ruzzo\/wp-json\/wp\/v2\/posts\/12651\/revisions"}],"predecessor-version":[{"id":12661,"href":"https:\/\/blog.ilgiornale.it\/ruzzo\/wp-json\/wp\/v2\/posts\/12651\/revisions\/12661"}],"wp:attachment":[{"href":"https:\/\/blog.ilgiornale.it\/ruzzo\/wp-json\/wp\/v2\/media?parent=12651"}],"wp:term":[{"taxonomy":"category","embeddable":true,"href":"https:\/\/blog.ilgiornale.it\/ruzzo\/wp-json\/wp\/v2\/categories?post=12651"},{"taxonomy":"post_tag","embeddable":true,"href":"https:\/\/blog.ilgiornale.it\/ruzzo\/wp-json\/wp\/v2\/tags?post=12651"}],"curies":[{"name":"wp","href":"https:\/\/api.w.org\/{rel}","templated":true}]}}