{"id":12680,"date":"2014-07-21T19:44:59","date_gmt":"2014-07-21T17:44:59","guid":{"rendered":"https:\/\/blog.ilgiornale.it\/ruzzo\/?p=12680"},"modified":"2014-07-21T19:47:44","modified_gmt":"2014-07-21T17:47:44","slug":"atletica-ecco-gli-azzurri-per-gli-europei-di-zurigo","status":"publish","type":"post","link":"https:\/\/blog.ilgiornale.it\/ruzzo\/2014\/07\/21\/atletica-ecco-gli-azzurri-per-gli-europei-di-zurigo\/","title":{"rendered":"Atletica, ecco gli azzurri per gli Europei di Zurigo"},"content":{"rendered":"<p><a href=\"https:\/\/blog.ilgiornale.it\/ruzzo\/files\/2014\/07\/SRT03F10_2662278F1_28519_20120805232659_HE10_20120806-473x2641.jpg\"><img loading=\"lazy\" class=\"alignleft size-medium wp-image-12689\" src=\"https:\/\/blog.ilgiornale.it\/ruzzo\/files\/2014\/07\/SRT03F10_2662278F1_28519_20120805232659_HE10_20120806-473x2641-300x167.jpg\" alt=\"\" width=\"300\" height=\"167\" srcset=\"https:\/\/blog.ilgiornale.it\/ruzzo\/files\/2014\/07\/SRT03F10_2662278F1_28519_20120805232659_HE10_20120806-473x2641-300x167.jpg 300w, https:\/\/blog.ilgiornale.it\/ruzzo\/files\/2014\/07\/SRT03F10_2662278F1_28519_20120805232659_HE10_20120806-473x2641.jpg 473w\" sizes=\"(max-width: 300px) 100vw, 300px\" \/><\/a>Una nazionale extralarge che cercher\u00e0 qualche pezzetto di gloria in Europa con in testa per\u00f2 le olimpiadi di Rio. E&#8217; questo il senso della spedizione azzurra ai prossimi campionat Europei di Zurigo in programma dal 12 al 17 agosto. Si tratta della formazione pi\u00f9 numerosa di sempre:\u00a0in tutto\u00a079 atleti, 45 uomini e 34 donne. Un\u00a0mix di giovani ed esperti, con ambizioni a trazione femminile e\u00a0 un compito preciso fissato stamattina a Palazzo Marino a Milano dal presidente della Fidal <strong>Alfio Giomi:<\/strong> \u00abDimostrare che l&#8217;atletica\u00a0 leggera italiana\u00a0 \u00e8 viva e pu\u00f2 competere&#8221;. Non \u00e8 poco ma non sar\u00e0 solo un fatto di medaglie. Servono segnali precisi che diano la sensazione di un riscatto e la speranza di poter dire la nostra tra due anni in Brasile. &#8220;Questa squadra- ha spiegato \u00a0il direttore tecnico <strong>Magnani<\/strong>&#8211;\u00a0 nasce da un progetto finalizzato ai Giochi di Rio 2016. Abbiamo mantenuto sotto osservazione 150 atleti sin dallo scorso anno e la met\u00e0 dei convocati \u00e8 al di sotto dei 25 anni. Zurigo sar\u00e0 la prima tappa di questo lavoro, che continuer\u00e0 l\u2019anno prossimo ai Mondiali di Pechino\u00bb.\u00a0 Come al solito le speranze di medaglie sono su strada:<strong> Straneo e Incerti<\/strong> nella maratona femminile,<strong> Pertile, Meucci e Lalli<\/strong> in quella maschile. Poi la <strong>Giorgi<\/strong> nella marcia, l\u2019ottima<strong> Grenot<\/strong> in 400 e 4&#215;400. <strong>Donato<\/strong> e <strong>Greco<\/strong> in pedana. <strong>Andrew Howe<\/strong>, oltre ai 200 potrebbe essere impiegato anche nella 4&#215;400.<\/p>\n<blockquote><p>UOMINI (45) &#8211;<br \/>\n100m &#8211; 4x100m <strong>Delmas Obou<\/strong> (G.A. Fiamme Gialle), 4x100m <strong>Jacques Riparelli <\/strong>(C.S. Aeronautica Militare), 200m &#8211; 4x400m <strong>Andrew Howe<\/strong> (C.S. Aeronautica Militare), 200m\u00a0 4x100m Diego <strong>Marani<\/strong> (G.A. Fiamme Gialle), 200m &#8211; 4x100m <strong>Eseosa Desalu<\/strong> (G.A Fiamme Gialle\/Interflumina E&#8217; Pi\u00f9 Pom\u00ec), 400m ? 4x400m<br \/>\n<strong>Matteo Galvan<\/strong> (G.A. Fiamme Gialle), 400m &#8211; 4x400m <strong>Davide Re<\/strong> (C.U.S. Torino), 400m &#8211; 4x400m Lorenzo Valentini (G.A. Fiamme Gialle\/Atl.Stud. CA.RI.RI), 4x400m <strong>Isalbet Juarez<\/strong> (G.S. Fiamme Oro Padova), 4x400m <strong>Michele Tricca<\/strong> (G.A. Fiamme Gialle\/Atletica Susa), 800m <strong>Giordano Benedetti<\/strong> (G.A. Fiamme<br \/>\nGialle), 1500m <strong>Soufiane El Kabbouri<\/strong>(C.U.S. Torino), 1500m <strong>Mohad Abdikadar<\/strong>(C.S.\u00a0\u00a0Aeronautica Militare), 5000m <strong>Marouan Razine<\/strong>(C.S. Esercito\/CUS Torino), 10000m <strong>Stefano La Rosa<\/strong> (C.S. Carabinieri Sez. Atletica), 3000st <strong>Yuri Floriani<\/strong> (G.A. Fiamme Gialle), 3000st<strong> Patrick Nasti<\/strong> (G.A. Fiamme Gialle), Maratona<strong> Andrea Lalli<\/strong> (G.A. Fiamme Gialle), Maratona <strong>Daniele Meucci<\/strong> (C.S. Esercito), Maratona <strong>Michele Palamini<\/strong> (G. Alpinistico Vertovese), Maratona <strong>Liberato Pellecchia<\/strong> (C.S. Aeronautica Militare\/A.S. La Fratellanza 1874), Maratona <strong>Ruggero Pertile<\/strong> (Assindustria Sport Padova) Maratona <strong>Domenico Ricatti<\/strong>, (C.S. Aeronautica Militare) Marcia 20km <strong>Matteo Giupponi<\/strong>(C.S. Carabinieri Sez. Atletica), Marcia 20km <strong>Giorgio Rubino<\/strong> (G.A. Fiamme Gialle), Marcia 20km<br \/>\n<strong>Massimo Stano<\/strong> (G.S. Fiamme Oro Padova), Marcia 50km\u00a0 <strong>Teodorico Caporaso<\/strong>(Asd Enterprise Sport &amp; Service), Marcia 50km <strong>Marco De Luca<\/strong> (G.A. Fiamme Gialle), Marcia 50km <strong>Jean Jacques<\/strong> Nkouloukidi (G.A. Fiamme Gialle), 110hs<strong> Paolo Dal Molin<\/strong>(G.S. Fiamme Oro Padova\/Athletic Club 96), 110hs <strong>Hassane Fofana<\/strong>(G.S. Fiamme Oro Padova\/Atl.\u00a0\u00a0Bergamo 1959), 110hs Lorenzo Perini(C.S. Aeronautica Militare\/O.S.A. Saronno Lib.), 400hs <strong>Leonardo Capotosti<\/strong> (G.A. Fiamme Gialle), <strong>Alto Marco Fassinotti<\/strong> (C.S. Aeronautica Militare), Alto <strong>Gianmarco Tamberi<\/strong>(G.A. Fiamme Gialle\/Bruni Pubbl. Atl. Vomano), Asta <strong>Giuseppe Gibilisco<\/strong> (G.A. Fiamme Gialle), Lungo <strong>Emanuele Catania<\/strong> (G.A. Fiamme Gialle), Lungo<strong> Stefano Tremigliozzi<\/strong>(C.S Aeronautica), Triplo <strong>Fabrizio Donato<\/strong> (G.A. Fiamme Gialle), Triplo <strong>Daniele Greco<\/strong>(G.S. Fiamme Oro Padova), Triplo <strong>Fabrizio Schembri<\/strong> (C.S. Carabinieri Sez. Atletica), Disco <strong>Giovanni Faloci<\/strong> (G.A. Fiamme Gialle), Disco <strong>Hannes Kirchler<\/strong> (C.S. Carabinieri Sez. Atletica), Martello <strong>Nicola Vizzoni<\/strong> (G.A. Fiamme Gialle), Giavellotto <strong>Norbert Bonvecchio<\/strong>(Atletica Trento)<\/p>\n<p>DONNE (34): 100m &#8211; 4x100m <strong>Audrey Alloh<\/strong> (G.S.<br \/>\nFiamme Azzurre), 200m &#8211; 4x100m <strong>Martina Amidei<\/strong> (C.S. Aeronautica Militare\/Cus Torino), 200m &#8211; 4x100m <strong>Gloria Hooper<\/strong> (G.S. Forestale), 200m &#8211; 4x100m Irene Siragusa (Atletica 2005), 400m &#8211; 4x400m<strong> Chiara Bazzoni<\/strong> (C.S. Esercito), 400m &#8211; 4x400m <strong>Libania Grenot<\/strong> (G.A. Fiamme Gialle), 4x400m <strong>Elena Bonfanti<\/strong> (Atl. Lecco-Colombo Costruz.), 4x400m <strong>M. Benedicta Chigbolu<\/strong> (C.S. Esercito), 4x400m <strong>M. Enrica Spacca<\/strong> (G.S. Forestale), 800m <strong>Marta Milani<\/strong>(C.S. Esercito), 1500m <strong>Federica Del Buono<\/strong>(G.S. Forestale\/Atl. Vicentina), 1500m <strong>Margherita Magnani<\/strong> (G.A. Fiamme Gialle), 5000m<strong> Giulia Viola<\/strong> (G.A. Fiamme Gialle), 3000St <strong>Valeria Roffino<\/strong>(G.S. Fiamme Azzurre), Maratona <strong>Rosaria Console<\/strong>(G.A. Fiamme Gialle), Maratona <strong>Nadia Ejjaffini<\/strong> (C.S. Esercito), Maratona <strong>Emma Qauglia<\/strong>(A.S.D. C.U.S. Genova), Maratona <strong>Anna Incerti<\/strong> (G.S. Fiamme Azzurre), Maratona <strong>Valeria Straneo<\/strong> (Runner Team 99 Sbv), Maratona <strong>Deborah Toniolo<\/strong>(G.S. Forestale), Marcia 20km <strong>Federica Curiazzi<\/strong> (Atl. Bergamo 1959 Creberg), Marcia 20km <strong>Eleonora Anna Giorgi<\/strong> (G.S. Fiamme Azzurre), Marcia 20km<strong> Antonella PAlmisano<\/strong> (G.A. Fiamme Gialle), 100hs &#8211; 4x 100m <strong>Marzia Caravelli<\/strong> (C.S. Aeronautica Militare\/Cus Cagliari), 100hs <strong>Giulia Pennella<\/strong> (C.S.\u00a0\u00a0Esercito), 400hs <strong>Yadisleidy Pedroso<\/strong> (C.S. Aeronautica Militare\/Cus Pisa Atl. Pisa), Alto <strong>Alessia Trost<\/strong> (G.A. Fiamme Gialle\/Atletica Brugnera Friul), Asta <strong>Roberta Bruni<\/strong> (G.S. Forestale\/Atl. Stud. CA.RI.RI), Asta <strong>Sonia Malavisi<\/strong> (G.A. Fiamme Gialle\/Acsi Italia Atletica), Lungo<strong> Tania Vincenzino<\/strong> (C.S. Esercito), Triplo <strong>Dariya Derkach<\/strong> (C.S. Aeronautica Militare\/Acsi Italia Atletica), Peso <strong>Chiara Rosa<\/strong> (G.S. Fiamme Azzurre), Disco <strong>Valentina Aniballi<\/strong> (C.S. Esercito),<br \/>\n<strong>Martello Silvia Salis<\/strong> (G.S. Fiamme Azzurre)<\/p><\/blockquote>\n","protected":false},"excerpt":{"rendered":"<p><p>Una nazionale extralarge che cercher\u00e0 qualche pezzetto di gloria in Europa con in testa per\u00f2 le olimpiadi di Rio. E&#8217; questo il senso della spedizione azzurra ai prossimi campionat Europei di Zurigo in programma dal 12 al 17 agosto. Si tratta della formazione pi\u00f9 numerosa di sempre:\u00a0in tutto\u00a079 atleti, 45 uomini e 34 donne. Un\u00a0mix di giovani ed esperti, con ambizioni a trazione femminile e\u00a0 un compito preciso fissato stamattina a Palazzo Marino a Milano dal presidente della Fidal Alfio Giomi: \u00abDimostrare che l&#8217;atletica\u00a0 leggera italiana\u00a0 \u00e8 viva e pu\u00f2 competere&#8221;. Non \u00e8 poco ma non sar\u00e0 solo un fatto [&hellip;]<\/p>\n&nbsp;&nbsp;<div class=\"readmore\"><a href=\"https:\/\/blog.ilgiornale.it\/ruzzo\/2014\/07\/21\/atletica-ecco-gli-azzurri-per-gli-europei-di-zurigo\/\">Continua a leggere...<\/a><\/div><\/p>","protected":false},"author":956,"featured_media":0,"comment_status":"open","ping_status":"closed","sticky":false,"template":"","format":"standard","meta":[],"categories":[1],"tags":[],"_links":{"self":[{"href":"https:\/\/blog.ilgiornale.it\/ruzzo\/wp-json\/wp\/v2\/posts\/12680"}],"collection":[{"href":"https:\/\/blog.ilgiornale.it\/ruzzo\/wp-json\/wp\/v2\/posts"}],"about":[{"href":"https:\/\/blog.ilgiornale.it\/ruzzo\/wp-json\/wp\/v2\/types\/post"}],"author":[{"embeddable":true,"href":"https:\/\/blog.ilgiornale.it\/ruzzo\/wp-json\/wp\/v2\/users\/956"}],"replies":[{"embeddable":true,"href":"https:\/\/blog.ilgiornale.it\/ruzzo\/wp-json\/wp\/v2\/comments?post=12680"}],"version-history":[{"count":8,"href":"https:\/\/blog.ilgiornale.it\/ruzzo\/wp-json\/wp\/v2\/posts\/12680\/revisions"}],"predecessor-version":[{"id":12688,"href":"https:\/\/blog.ilgiornale.it\/ruzzo\/wp-json\/wp\/v2\/posts\/12680\/revisions\/12688"}],"wp:attachment":[{"href":"https:\/\/blog.ilgiornale.it\/ruzzo\/wp-json\/wp\/v2\/media?parent=12680"}],"wp:term":[{"taxonomy":"category","embeddable":true,"href":"https:\/\/blog.ilgiornale.it\/ruzzo\/wp-json\/wp\/v2\/categories?post=12680"},{"taxonomy":"post_tag","embeddable":true,"href":"https:\/\/blog.ilgiornale.it\/ruzzo\/wp-json\/wp\/v2\/tags?post=12680"}],"curies":[{"name":"wp","href":"https:\/\/api.w.org\/{rel}","templated":true}]}}