{"id":12695,"date":"2014-07-23T18:20:45","date_gmt":"2014-07-23T16:20:45","guid":{"rendered":"https:\/\/blog.ilgiornale.it\/ruzzo\/?p=12695"},"modified":"2014-07-23T20:06:29","modified_gmt":"2014-07-23T18:06:29","slug":"triathlon-domenica-milano-si-fa-in-tre","status":"publish","type":"post","link":"https:\/\/blog.ilgiornale.it\/ruzzo\/2014\/07\/23\/triathlon-domenica-milano-si-fa-in-tre\/","title":{"rendered":"Triathlon, domenica Milano si fa in tre"},"content":{"rendered":"<p><a href=\"https:\/\/blog.ilgiornale.it\/ruzzo\/files\/2014\/07\/Tri@MI_132.jpg\"><img loading=\"lazy\" class=\"alignleft size-medium wp-image-12702\" src=\"https:\/\/blog.ilgiornale.it\/ruzzo\/files\/2014\/07\/Tri@MI_132-300x204.jpg\" alt=\"\" width=\"300\" height=\"204\" srcset=\"https:\/\/blog.ilgiornale.it\/ruzzo\/files\/2014\/07\/Tri@MI_132-300x204.jpg 300w, https:\/\/blog.ilgiornale.it\/ruzzo\/files\/2014\/07\/Tri@MI_132.jpg 588w\" sizes=\"(max-width: 300px) 100vw, 300px\" \/><\/a>I milanesi che\u00a0 non vorranno restare imbottigliati tra transenne e bici che sfrecciano domenica\u00a0alzarsi di dovranno\u00a0 di buon ora. Prima del previsto perch\u00e8 la seconda edizione del di <strong>Tri@MI,<\/strong> il\u00a0triathlon\u00a0olimpico\u00a0di Milano\u00a0 partir\u00e0 due ore prima del previsto: alle 9.30, per la precisione. Una festa di sport che avrebbe dovuto abbracciare la citt\u00e0 per l&#8217;intero week-end e che invece sar\u00e0 un po&#8217; ridimensionata visto che, per motivi organizzativi, le gare promozionali di venerdi e sabato non si farannno. Ma tant&#8217;\u00e8.\u00a0\u00a0Rispetto ai tracciati di esordio di un anno fa gli organizzatori di\u00a0<strong>Friesian Team<\/strong>\u00a0e\u00a0<strong>A&amp;C Consulting<\/strong>\u00a0hanno introdotto alcune modifiche sostanziali: mentre viene confermato il percorso di 1.500 metri nel Naviglio Grande e l\u2019anello di ciclismo intorno a Castello, Triennale, corso Sempione e Arena, il traguardo finale dei 10.000 metri di corsa sar\u00e0 all\u2019<strong>Arena Gianni Brera<\/strong>.\u00a0 L\u2019unica variante introdotta in queste ultime ore a causa di lavori in corso, riguarda la zona cambio tra nuoto e ciclismo che dal Vicolo delle Lavandaie viene spostata dall\u2019altra parte del Naviglio lungo la Ripa di\u00a0<strong>Porta Ticinese<\/strong>. Da qui i concorrenti, con le loro biciclette si immetteranno nella \u201cbretella\u201d di 3,22 chilometri che li porter\u00e0 all\u2019anello intorno al Parco Sempione per correre poi su un circuito multi-lap che \u00e8 poi quello classico del Giro d&#8217;Italia quando arriva a Milano. Si finisce\u00a0 sulla pista dell\u2019Arena civica che che sar\u00e0 il quartier generale della manifestazione. Assenti i vincitori della passata edizione, il carabiniere <strong>Massimo De Ponti<\/strong> e la slovena <strong>Mateja Simic<\/strong>, della DDs i favori del pronostico sono per\u00a0<strong>Manuel Biagiotti<\/strong>\u00a0portacolori del Friesian Team che dovr\u00e0 difendersi dagli attacchi di\u00a0<strong>Gabriele Salini<\/strong>(Team 707) e\u00a0<strong>Gabriel Bonari\u00a0<\/strong>(Team Los Tigres). Tra le donne, la sfida \u00e8 un affare a quattro con\u00a0<strong>Claudia Bordiga<\/strong>(Peperoncino Team)\u00a0,<strong>Cristina Sironi<\/strong>\u00a0del Road Runners Milano,\u00a0<strong>Sara Longoni<\/strong>\u00a0del CUS ProPatria ed <strong>Elena Casiraghi<\/strong> della DDs che per\u00f2 potrebbe non essere al via per un risentimento muscolare.<\/p>\n","protected":false},"excerpt":{"rendered":"<p><p>I milanesi che\u00a0 non vorranno restare imbottigliati tra transenne e bici che sfrecciano domenica\u00a0alzarsi di dovranno\u00a0 di buon ora. Prima del previsto perch\u00e8 la seconda edizione del di Tri@MI, il\u00a0triathlon\u00a0olimpico\u00a0di Milano\u00a0 partir\u00e0 due ore prima del previsto: alle 9.30, per la precisione. Una festa di sport che avrebbe dovuto abbracciare la citt\u00e0 per l&#8217;intero week-end e che invece sar\u00e0 un po&#8217; ridimensionata visto che, per motivi organizzativi, le gare promozionali di venerdi e sabato non si farannno. Ma tant&#8217;\u00e8.\u00a0\u00a0Rispetto ai tracciati di esordio di un anno fa gli organizzatori di\u00a0Friesian Team\u00a0e\u00a0A&amp;C Consulting\u00a0hanno introdotto alcune modifiche sostanziali: mentre viene confermato il [&hellip;]<\/p>\n&nbsp;&nbsp;<div class=\"readmore\"><a href=\"https:\/\/blog.ilgiornale.it\/ruzzo\/2014\/07\/23\/triathlon-domenica-milano-si-fa-in-tre\/\">Continua a leggere...<\/a><\/div><\/p>","protected":false},"author":956,"featured_media":0,"comment_status":"open","ping_status":"closed","sticky":false,"template":"","format":"standard","meta":[],"categories":[1],"tags":[],"_links":{"self":[{"href":"https:\/\/blog.ilgiornale.it\/ruzzo\/wp-json\/wp\/v2\/posts\/12695"}],"collection":[{"href":"https:\/\/blog.ilgiornale.it\/ruzzo\/wp-json\/wp\/v2\/posts"}],"about":[{"href":"https:\/\/blog.ilgiornale.it\/ruzzo\/wp-json\/wp\/v2\/types\/post"}],"author":[{"embeddable":true,"href":"https:\/\/blog.ilgiornale.it\/ruzzo\/wp-json\/wp\/v2\/users\/956"}],"replies":[{"embeddable":true,"href":"https:\/\/blog.ilgiornale.it\/ruzzo\/wp-json\/wp\/v2\/comments?post=12695"}],"version-history":[{"count":7,"href":"https:\/\/blog.ilgiornale.it\/ruzzo\/wp-json\/wp\/v2\/posts\/12695\/revisions"}],"predecessor-version":[{"id":12706,"href":"https:\/\/blog.ilgiornale.it\/ruzzo\/wp-json\/wp\/v2\/posts\/12695\/revisions\/12706"}],"wp:attachment":[{"href":"https:\/\/blog.ilgiornale.it\/ruzzo\/wp-json\/wp\/v2\/media?parent=12695"}],"wp:term":[{"taxonomy":"category","embeddable":true,"href":"https:\/\/blog.ilgiornale.it\/ruzzo\/wp-json\/wp\/v2\/categories?post=12695"},{"taxonomy":"post_tag","embeddable":true,"href":"https:\/\/blog.ilgiornale.it\/ruzzo\/wp-json\/wp\/v2\/tags?post=12695"}],"curies":[{"name":"wp","href":"https:\/\/api.w.org\/{rel}","templated":true}]}}