{"id":12707,"date":"2014-07-24T18:01:58","date_gmt":"2014-07-24T16:01:58","guid":{"rendered":"https:\/\/blog.ilgiornale.it\/ruzzo\/?p=12707"},"modified":"2014-07-24T18:02:44","modified_gmt":"2014-07-24T16:02:44","slug":"il-tour-e-lo-sky-team-pensano-in-grande","status":"publish","type":"post","link":"https:\/\/blog.ilgiornale.it\/ruzzo\/2014\/07\/24\/il-tour-e-lo-sky-team-pensano-in-grande\/","title":{"rendered":"Il Tour e lo sky-team pensano in grande&#8230;"},"content":{"rendered":"<p><a href=\"https:\/\/blog.ilgiornale.it\/ruzzo\/files\/2014\/07\/042bbfa0-10f7-11e4-b7c6-ff743a0613c9_JAG_T_Sky_F_03181.jpg\"><img loading=\"lazy\" class=\"alignleft size-medium wp-image-12712\" src=\"https:\/\/blog.ilgiornale.it\/ruzzo\/files\/2014\/07\/042bbfa0-10f7-11e4-b7c6-ff743a0613c9_JAG_T_Sky_F_03181-300x200.jpg\" alt=\"\" width=\"300\" height=\"219\" \/><\/a><a href=\"https:\/\/blog.ilgiornale.it\/ruzzo\/files\/2014\/07\/05398620-10f7-11e4-aef2-556a5b187cef_JAGUAR_FTYPE_SKYTEAM_02101.jpg\"><img loading=\"lazy\" class=\"alignleft size-thumbnail wp-image-12713\" src=\"https:\/\/blog.ilgiornale.it\/ruzzo\/files\/2014\/07\/05398620-10f7-11e4-aef2-556a5b187cef_JAGUAR_FTYPE_SKYTEAM_02101-150x150.jpg\" alt=\"\" width=\"120\" height=\"100\" \/><\/a><a href=\"https:\/\/blog.ilgiornale.it\/ruzzo\/files\/2014\/07\/06334f70-10f7-11e4-aeda-355e09871f87_JAGUAR_FTYPE_SKYTEAM_04121.jpg\"><img loading=\"lazy\" class=\"alignleft size-thumbnail wp-image-12714\" src=\"https:\/\/blog.ilgiornale.it\/ruzzo\/files\/2014\/07\/06334f70-10f7-11e4-aeda-355e09871f87_JAGUAR_FTYPE_SKYTEAM_04121-150x150.jpg\" alt=\"\" width=\"120\" height=\"100\" \/><\/a><\/p>\n<p>&nbsp;<\/p>\n<p>&nbsp;<\/p>\n<p>&nbsp;<\/p>\n<p>&nbsp;<\/p>\n<p>&nbsp;<\/p>\n<p>&nbsp;<\/p>\n<p>&nbsp;<\/p>\n<p>&nbsp;<\/p>\n<p>La differenza c&#8217;\u00e8. E si vede dai dettagli. La differenza \u00e8 quella che passa tra un grande evento e\u00a0 ci\u00f2 che gli gira intorno e ci\u00f2 che invece non passa da un grande evento e ci\u00f2 che non gli gira intorno: senza far nomi ma un po&#8217; pensando al nostro Giro.\u00a0\u00a0<strong>Il Tour<\/strong> ( &#8220;<strong>Le Tour<\/strong>&#8221; come dicono con la solita spocchia i francesi) piaccia o no \u00e8 un grande evento. Ci vanno i corridori pi\u00f9 forti ( anche se poi cadono), ci vanno gli sponsor pi\u00f9 importanti che poi quasi sempre tornano e ci vanno tutte le televisioni del mondo che fanno s\u00ec che dalla Colombia alla Danimarca <strong>Nibali<\/strong> e compagnia bella diventino spesso il fatto del giorno.\u00a0 E i\u00a0 francesi fanno di tutto per cercare di non rompere questo bel giocattolino conservandone simboli e tradizioni: dal premier che segue una tappa in macchina, all&#8217;arrivo sui campi Elisi\u00a0\u00a0tanto per fare un paio di esempi.\u00a0 Un po&#8217; come succede a <strong>Wimbledon<\/strong> nel tennis dove i riti si ripetono e diventano storia e business. Il nostro Giro invece\u00a0 &#8220;gira &#8221; al contrario: un anno arriva a Verona, l&#8217;altro a Trieste, l&#8217;altro ancora a Milano e via cos\u00ec.\u00a0Oggi sui Pirenei <strong>Vincenzo\u00a0Nibali<\/strong> ha vinto il Tour. In realt\u00e0 l&#8217;aveva gi\u00e0 vinto da una decina di giorni ma per scaramanzia non si poteva dire. Cos\u00ec domani\u00a0la cronometro individuale di 50 chilometri da Bergerac a P\u00e9rigueux diventer\u00e0 una passerella che anticipa la passerella dei Campi Elisi. Ma la crono di domani sar\u00e0 da vedere anche per un altro motivo. Per ammirare la\u00a0 Jaguar F-Type Coup\u00e9 modificata che la casa inglese ha appositamente creato per il <strong>team Sky<\/strong> e che far\u00e0\u00a0da ammiraglia. Una fuoriserie nera con una banda azzurra che parte dal paraurti anteriore e attraversa tutta la carrozzeria fino alla targa posteriore e che sul posteriore ha gli attacchi per due bici. Una meraviglia. Un sogno che \u00e8 anche un messaggio preciso di quanto valga il Tour commercialmente. E&#8217; come se al Giro nella tappa finale la <strong>Maserati<\/strong> o la <strong>Lamborghin<\/strong>i decidessero di mettere a disposizione di una squadra italiana un loro bolide per poratre le bici.\u00a0Non succeder\u00e0 mai. Al Tour invece s\u00ec. E la differenza \u00e8 tutta qui&#8230;<\/p>\n","protected":false},"excerpt":{"rendered":"<p><p>&nbsp; &nbsp; &nbsp; &nbsp; &nbsp; &nbsp; &nbsp; &nbsp; La differenza c&#8217;\u00e8. E si vede dai dettagli. La differenza \u00e8 quella che passa tra un grande evento e\u00a0 ci\u00f2 che gli gira intorno e ci\u00f2 che invece non passa da un grande evento e ci\u00f2 che non gli gira intorno: senza far nomi ma un po&#8217; pensando al nostro Giro.\u00a0\u00a0Il Tour ( &#8220;Le Tour&#8221; come dicono con la solita spocchia i francesi) piaccia o no \u00e8 un grande evento. Ci vanno i corridori pi\u00f9 forti ( anche se poi cadono), ci vanno gli sponsor pi\u00f9 importanti che poi quasi sempre tornano [&hellip;]<\/p>\n&nbsp;&nbsp;<div class=\"readmore\"><a href=\"https:\/\/blog.ilgiornale.it\/ruzzo\/2014\/07\/24\/il-tour-e-lo-sky-team-pensano-in-grande\/\">Continua a leggere...<\/a><\/div><\/p>","protected":false},"author":956,"featured_media":0,"comment_status":"open","ping_status":"closed","sticky":false,"template":"","format":"standard","meta":[],"categories":[1],"tags":[],"_links":{"self":[{"href":"https:\/\/blog.ilgiornale.it\/ruzzo\/wp-json\/wp\/v2\/posts\/12707"}],"collection":[{"href":"https:\/\/blog.ilgiornale.it\/ruzzo\/wp-json\/wp\/v2\/posts"}],"about":[{"href":"https:\/\/blog.ilgiornale.it\/ruzzo\/wp-json\/wp\/v2\/types\/post"}],"author":[{"embeddable":true,"href":"https:\/\/blog.ilgiornale.it\/ruzzo\/wp-json\/wp\/v2\/users\/956"}],"replies":[{"embeddable":true,"href":"https:\/\/blog.ilgiornale.it\/ruzzo\/wp-json\/wp\/v2\/comments?post=12707"}],"version-history":[{"count":13,"href":"https:\/\/blog.ilgiornale.it\/ruzzo\/wp-json\/wp\/v2\/posts\/12707\/revisions"}],"predecessor-version":[{"id":12726,"href":"https:\/\/blog.ilgiornale.it\/ruzzo\/wp-json\/wp\/v2\/posts\/12707\/revisions\/12726"}],"wp:attachment":[{"href":"https:\/\/blog.ilgiornale.it\/ruzzo\/wp-json\/wp\/v2\/media?parent=12707"}],"wp:term":[{"taxonomy":"category","embeddable":true,"href":"https:\/\/blog.ilgiornale.it\/ruzzo\/wp-json\/wp\/v2\/categories?post=12707"},{"taxonomy":"post_tag","embeddable":true,"href":"https:\/\/blog.ilgiornale.it\/ruzzo\/wp-json\/wp\/v2\/tags?post=12707"}],"curies":[{"name":"wp","href":"https:\/\/api.w.org\/{rel}","templated":true}]}}