{"id":12727,"date":"2014-07-25T18:55:27","date_gmt":"2014-07-25T16:55:27","guid":{"rendered":"https:\/\/blog.ilgiornale.it\/ruzzo\/?p=12727"},"modified":"2014-07-25T19:04:17","modified_gmt":"2014-07-25T17:04:17","slug":"il-tour-su-eurosport-sventola-bandiera-gialla","status":"publish","type":"post","link":"https:\/\/blog.ilgiornale.it\/ruzzo\/2014\/07\/25\/il-tour-su-eurosport-sventola-bandiera-gialla\/","title":{"rendered":"Il Tour, su Eurosport sventola &#8220;bandiera gialla&#8221;"},"content":{"rendered":"<p><a href=\"https:\/\/blog.ilgiornale.it\/ruzzo\/files\/2014\/07\/unnamed.jpg\"><img loading=\"lazy\" class=\"alignleft size-medium wp-image-12731\" src=\"https:\/\/blog.ilgiornale.it\/ruzzo\/files\/2014\/07\/unnamed-300x194.jpg\" alt=\"\" width=\"300\" height=\"194\" srcset=\"https:\/\/blog.ilgiornale.it\/ruzzo\/files\/2014\/07\/unnamed-300x194.jpg 300w, https:\/\/blog.ilgiornale.it\/ruzzo\/files\/2014\/07\/unnamed.jpg 861w\" sizes=\"(max-width: 300px) 100vw, 300px\" \/><\/a>I francesi cominciano a rosicare e allora mi torna in mente ( ma un po&#8217; a tutti credo) la storia di <strong>Bartali<\/strong> cantata in un capolavoro\u00a0 da <strong>Paolo Conte<\/strong>. Le &lt;balle ancor gli girano&#8230;&gt; e continueranno a girargli per un bel po&#8217; ancora perch\u00e8 <strong>Nibali<\/strong>, anzi <strong>Nibal\u00ec<\/strong> con l&#8217;accento, a Parigi ormai ci arriva in giallo. E&#8217; fatta. Ed \u00e9 la pi\u00f9 grande impresa sportiva azzurra di qeust&#8217;anno, inutile girarci intorno e chiss\u00e0 se riusciremo a celebrarla come va fatto o riusciremo ( specialit\u00e0 in cui siamo bravissimi) a riempirla di se, ma e per\u00f2. Vedremo. Intanto chi sta facendo di tutto perch\u00e8 &#8220;Vincenzino&#8221; abbia tutta la gloria che si merita sono\u00a0 i due ottimi commentatori di ciclimo di <strong>Eurosport<\/strong> , <strong>Salvo Aiello<\/strong> e <strong>Riccardo Magrini<\/strong> oggi spalla tecnica in tv ma qualche decennio fa ciclista estroso e fortissmo che ha vinto parecchio\u00a0 e anche una tappa al Tour nell&#8217;83. I due da quando lo &lt;squalo&gt; \u00e8 un uomo solo al comando hanno invitato i telespettatori ad esporre fuori dalle finestre e dai balconi delle case un tricolore &lt;macchiato&gt; di giallo.\u00a0 &lt;L&#8217;idea ci \u00e8 venuta dopo la tappa del pav\u00e8- racconta <strong>Magrini<\/strong>&#8211; Ci \u00a0eravamno rimasti un po&#8217; male perch\u00e8 intorno a <strong>Nibali<\/strong> notavano una certa freddezza. Probabilmente perch\u00e8 c&#8217;erano ancora i mondiali&#8230;E allora ci siamo detti: ma perch\u00e8 tutti quei Tricolori pronti per festeggaire gli azzurri del calcio anziche ammainarli non chiediamo di esporli lo stesso aggiungendoci per\u00f2 il giallo del primato italiano al tour?&gt;. E l&#8217;idea \u00e8 piaciuta. Si sa come vanno queste cose. Soprattutto tra appassionati di sport il passa-parola funziona. Ed ha funzionato anche l&#8217;hastag <strong>&lt;bandieragialla&gt;<\/strong> che nulla aveva a che fare con <strong>Gianni Pettenati<\/strong> ma che tanto seguito sta avendo. E cosi\u00a0tweet e bandiere sono diventate tante. &lt;S\u00ec un bel seguito- spiega <strong>Magrini<\/strong>&#8211; Ed \u00e8 giusto che sia cos\u00ec perch\u00e8 ci\u00f2 che sta facendo <strong>Nibali<\/strong> al Tour \u00e8 straordinario. Diventa difficile anche da commentare. L&#8217;altro giorno quando \u00e8 andato a vicere sui Pirenei mi sono addirittura impappinato per l&#8217;emozione. Per\u00f2 se lo merita. E un ragazzo serio che fa le cose con\u00a0 grande puntiglio e che \u00e8 maturato tantissimo. La paternit\u00e0 lo ha fatto crecere. Ora lo aspettiamo a Parigi&gt;. E non lo aspettano solo i telespettatori di <strong>Eurosport<\/strong> e i followers di &#8220;bandieragialla&#8221;. Lo aspettano tutti gli appassionati di sport, tutti gli italiani e ovviamente anche i francesi. Che per\u00f2, come diceva Paolo Conte, un po&#8217; gli girano&#8230;<\/p>\n","protected":false},"excerpt":{"rendered":"<p><p>I francesi cominciano a rosicare e allora mi torna in mente ( ma un po&#8217; a tutti credo) la storia di Bartali cantata in un capolavoro\u00a0 da Paolo Conte. Le &lt;balle ancor gli girano&#8230;&gt; e continueranno a girargli per un bel po&#8217; ancora perch\u00e8 Nibali, anzi Nibal\u00ec con l&#8217;accento, a Parigi ormai ci arriva in giallo. E&#8217; fatta. Ed \u00e9 la pi\u00f9 grande impresa sportiva azzurra di qeust&#8217;anno, inutile girarci intorno e chiss\u00e0 se riusciremo a celebrarla come va fatto o riusciremo ( specialit\u00e0 in cui siamo bravissimi) a riempirla di se, ma e per\u00f2. Vedremo. Intanto chi sta facendo [&hellip;]<\/p>\n&nbsp;&nbsp;<div class=\"readmore\"><a href=\"https:\/\/blog.ilgiornale.it\/ruzzo\/2014\/07\/25\/il-tour-su-eurosport-sventola-bandiera-gialla\/\">Continua a leggere...<\/a><\/div><\/p>","protected":false},"author":956,"featured_media":0,"comment_status":"open","ping_status":"closed","sticky":false,"template":"","format":"standard","meta":[],"categories":[1],"tags":[],"_links":{"self":[{"href":"https:\/\/blog.ilgiornale.it\/ruzzo\/wp-json\/wp\/v2\/posts\/12727"}],"collection":[{"href":"https:\/\/blog.ilgiornale.it\/ruzzo\/wp-json\/wp\/v2\/posts"}],"about":[{"href":"https:\/\/blog.ilgiornale.it\/ruzzo\/wp-json\/wp\/v2\/types\/post"}],"author":[{"embeddable":true,"href":"https:\/\/blog.ilgiornale.it\/ruzzo\/wp-json\/wp\/v2\/users\/956"}],"replies":[{"embeddable":true,"href":"https:\/\/blog.ilgiornale.it\/ruzzo\/wp-json\/wp\/v2\/comments?post=12727"}],"version-history":[{"count":7,"href":"https:\/\/blog.ilgiornale.it\/ruzzo\/wp-json\/wp\/v2\/posts\/12727\/revisions"}],"predecessor-version":[{"id":12734,"href":"https:\/\/blog.ilgiornale.it\/ruzzo\/wp-json\/wp\/v2\/posts\/12727\/revisions\/12734"}],"wp:attachment":[{"href":"https:\/\/blog.ilgiornale.it\/ruzzo\/wp-json\/wp\/v2\/media?parent=12727"}],"wp:term":[{"taxonomy":"category","embeddable":true,"href":"https:\/\/blog.ilgiornale.it\/ruzzo\/wp-json\/wp\/v2\/categories?post=12727"},{"taxonomy":"post_tag","embeddable":true,"href":"https:\/\/blog.ilgiornale.it\/ruzzo\/wp-json\/wp\/v2\/tags?post=12727"}],"curies":[{"name":"wp","href":"https:\/\/api.w.org\/{rel}","templated":true}]}}