{"id":12897,"date":"2014-08-01T19:39:22","date_gmt":"2014-08-01T17:39:22","guid":{"rendered":"https:\/\/blog.ilgiornale.it\/ruzzo\/?p=12897"},"modified":"2014-08-01T19:39:22","modified_gmt":"2014-08-01T17:39:22","slug":"loro-europeo-a-schwazer-inutile-e-stupido","status":"publish","type":"post","link":"https:\/\/blog.ilgiornale.it\/ruzzo\/2014\/08\/01\/loro-europeo-a-schwazer-inutile-e-stupido\/","title":{"rendered":"L&#8217;oro europeo a Schwazer? Inutile e stupido"},"content":{"rendered":"<p><a href=\"https:\/\/blog.ilgiornale.it\/ruzzo\/files\/2014\/08\/image.jpg\"><img loading=\"lazy\" class=\"alignleft size-medium wp-image-12900\" src=\"https:\/\/blog.ilgiornale.it\/ruzzo\/files\/2014\/08\/image-300x187.jpg\" alt=\"\" width=\"300\" height=\"187\" \/><\/a>Gi\u00e0 sembra un follia che la medaglia d\u2019oro dei campoionati europei di marcia 2010 di Barcellona \u00a0tolta al\u00a0 russo <strong>Stanislav<\/strong> <strong>Emelyanov<\/strong> per doping finisca al collo di\u00a0<strong>Alex Schwazer. <\/strong>Ma ancora pi\u00f9 folle \u00e8 scoprire che ora\u00a0 la procura di Bolzano far\u00e0 un&#8217;indagine per verificare che l\u2019atleta altoatesino non presentasse irregolarit\u00e0 nel passaporto biologico anche per quel periodo. Tutto ci\u00f2 quando ancora non sono chiuse le indagini sulle Olimpiadi di Londra 2012 dove l&#8217;ex carabiniere azzurro venne trovato positivo all&#8217; Epo. Sembra tutto un film comico che per\u00f2 non fa ridere.\u00a0 Partendo\u00a0 dalla considerazione che <strong>Alex Schwazer<\/strong> andrebbe lasciato in pace perch\u00e8 \u00a0ha sbagliato, lo ha ammesso tra le lacrime e sta pagando un prezzo altissimo per quell&#8217;errore,\u00a0credo che di tutto avrebbe bisogno ora ma non certo di un&#8217;altra indagine sul suo conto che riporti tutto indietro di 4 anni. La domanda \u00e8 a cosa servirebbe provare che anche nel 2010 era positivo al doping. Visto che l&#8217;altoatesino \u00e8 gi\u00e0 stato squalificato bastava non dargliela quella medaglia. Anche perch\u00e8 quasi sicuramente non sa che farsene. Invece no. La medaglia gli viene messa al collo ma contestualmente si comincia nuovamente ad indagare su di lui. Quindi lo si riporta sui giornali, magari lo si chiama ancora in procura per raccontare cosa \u00e8 successo 4 anni fa agli europei e si ricomincia&#8230;Per stabilire cosa poi? Che era dopato e quindi toglierli la medaglia d&#8217;oro che gli \u00e8 stata appena data? Che quindi finisce \u00a0al terzo che\u00a0per\u00f2 viene indagato pure lui e quindi il campione europeo 2010 potrebbe essere\u00a0 il quarto, il quinto e via cos\u00ec&#8230;Mi sembra davvero tutta un follia, uno spreco inutile di energie, di soldi, di tempo quando invece ci si dovrebbe concentrare nella lotta al doping su presente e futuro.\u00a0 Ma forse cos\u00ec \u00e8 troppo semplice.<\/p>\n","protected":false},"excerpt":{"rendered":"<p><p>Gi\u00e0 sembra un follia che la medaglia d\u2019oro dei campoionati europei di marcia 2010 di Barcellona \u00a0tolta al\u00a0 russo Stanislav Emelyanov per doping finisca al collo di\u00a0Alex Schwazer. Ma ancora pi\u00f9 folle \u00e8 scoprire che ora\u00a0 la procura di Bolzano far\u00e0 un&#8217;indagine per verificare che l\u2019atleta altoatesino non presentasse irregolarit\u00e0 nel passaporto biologico anche per quel periodo. Tutto ci\u00f2 quando ancora non sono chiuse le indagini sulle Olimpiadi di Londra 2012 dove l&#8217;ex carabiniere azzurro venne trovato positivo all&#8217; Epo. Sembra tutto un film comico che per\u00f2 non fa ridere.\u00a0 Partendo\u00a0 dalla considerazione che Alex Schwazer andrebbe lasciato in pace [&hellip;]<\/p>\n&nbsp;&nbsp;<div class=\"readmore\"><a href=\"https:\/\/blog.ilgiornale.it\/ruzzo\/2014\/08\/01\/loro-europeo-a-schwazer-inutile-e-stupido\/\">Continua a leggere...<\/a><\/div><\/p>","protected":false},"author":956,"featured_media":0,"comment_status":"open","ping_status":"closed","sticky":false,"template":"","format":"standard","meta":[],"categories":[1],"tags":[],"_links":{"self":[{"href":"https:\/\/blog.ilgiornale.it\/ruzzo\/wp-json\/wp\/v2\/posts\/12897"}],"collection":[{"href":"https:\/\/blog.ilgiornale.it\/ruzzo\/wp-json\/wp\/v2\/posts"}],"about":[{"href":"https:\/\/blog.ilgiornale.it\/ruzzo\/wp-json\/wp\/v2\/types\/post"}],"author":[{"embeddable":true,"href":"https:\/\/blog.ilgiornale.it\/ruzzo\/wp-json\/wp\/v2\/users\/956"}],"replies":[{"embeddable":true,"href":"https:\/\/blog.ilgiornale.it\/ruzzo\/wp-json\/wp\/v2\/comments?post=12897"}],"version-history":[{"count":5,"href":"https:\/\/blog.ilgiornale.it\/ruzzo\/wp-json\/wp\/v2\/posts\/12897\/revisions"}],"predecessor-version":[{"id":12903,"href":"https:\/\/blog.ilgiornale.it\/ruzzo\/wp-json\/wp\/v2\/posts\/12897\/revisions\/12903"}],"wp:attachment":[{"href":"https:\/\/blog.ilgiornale.it\/ruzzo\/wp-json\/wp\/v2\/media?parent=12897"}],"wp:term":[{"taxonomy":"category","embeddable":true,"href":"https:\/\/blog.ilgiornale.it\/ruzzo\/wp-json\/wp\/v2\/categories?post=12897"},{"taxonomy":"post_tag","embeddable":true,"href":"https:\/\/blog.ilgiornale.it\/ruzzo\/wp-json\/wp\/v2\/tags?post=12897"}],"curies":[{"name":"wp","href":"https:\/\/api.w.org\/{rel}","templated":true}]}}