{"id":131,"date":"2009-11-18T23:03:39","date_gmt":"2009-11-18T22:03:39","guid":{"rendered":"https:\/\/blog.ilgiornale.it\/ruzzo\/2009\/11\/18\/il-lungo-tormento-della-maratona\/"},"modified":"2009-11-18T23:03:39","modified_gmt":"2009-11-18T22:03:39","slug":"il-lungo-tormento-della-maratona","status":"publish","type":"post","link":"https:\/\/blog.ilgiornale.it\/ruzzo\/2009\/11\/18\/il-lungo-tormento-della-maratona\/","title":{"rendered":"Il &#8220;lungo&#8221; tormento della maratona."},"content":{"rendered":"<p>[photopress:lungo_1.jpg,full,centered]E&#8217; il &lt;lungo&gt; il tormento di ogni maratoneta. Te lo ripetono tutti quando sanno che stai per correre una 42 chilometri: &lt;Sei pronto? E quanti lunghi hai fatto&#8230;&gt;. Spiego per quei pochi non addetti ai lavori che leggono questo blog, che \u00e8 l&#8217;allenamento-incubo: trenta e pi\u00f9 chilometri che ti restano nelle gambe e nella testa come prova di fatica e di volont\u00e0. Chi me lo fa fare? Te lo ripeti un sacco di volte mentre corri, \u00a0soprattutto sei cos\u00ec sciagurato da osare il lungo da solo, magari in campagna e magari\u00a0in una giornata fredda di quelle che Milano ti regala spesso con la nebbia. Per\u00f2 non si scappa. Se si vuole correre la maratona\u00a0 va fatto e anche pi\u00f9 volte. Quando \u00e8 finito ci si sente meglio. E&#8217; come levarsi un peso, uscire dal dentista, alzarsi dalla sedia dopo aver passato un esame all&#8217;universit\u00e0. Perch\u00e8 parlo del lungo? Perch\u00e8 tra meno di due settimane c&#8217;\u00e8\u00a0la maratona di Firenze, perch\u00e8\u00a0nonostante uno stop di quattro settimane per infortuinio ho deciso di correrla e perch\u00e8 il lungo questa volta non l&#8217;ho\u00a0neppure sfiorato.\u00a0Se funziona&#8230;scrivo un libro.<\/p>\n","protected":false},"excerpt":{"rendered":"<p><p>[photopress:lungo_1.jpg,full,centered]E&#8217; il &lt;lungo&gt; il tormento di ogni maratoneta. Te lo ripetono tutti quando sanno che stai per correre una 42 chilometri: &lt;Sei pronto? E quanti lunghi hai fatto&#8230;&gt;. Spiego per quei pochi non addetti ai lavori che leggono questo blog, che \u00e8 l&#8217;allenamento-incubo: trenta e pi\u00f9 chilometri che ti restano nelle gambe e nella testa come prova di fatica e di volont\u00e0. Chi me lo fa fare? Te lo ripeti un sacco di volte mentre corri, \u00a0soprattutto sei cos\u00ec sciagurato da osare il lungo da solo, magari in campagna e magari\u00a0in una giornata fredda di quelle che Milano ti regala [&hellip;]<\/p>\n&nbsp;&nbsp;<div class=\"readmore\"><a href=\"https:\/\/blog.ilgiornale.it\/ruzzo\/2009\/11\/18\/il-lungo-tormento-della-maratona\/\">Continua a leggere...<\/a><\/div><\/p>","protected":false},"author":956,"featured_media":0,"comment_status":"open","ping_status":"closed","sticky":false,"template":"","format":"standard","meta":[],"categories":[1],"tags":[],"_links":{"self":[{"href":"https:\/\/blog.ilgiornale.it\/ruzzo\/wp-json\/wp\/v2\/posts\/131"}],"collection":[{"href":"https:\/\/blog.ilgiornale.it\/ruzzo\/wp-json\/wp\/v2\/posts"}],"about":[{"href":"https:\/\/blog.ilgiornale.it\/ruzzo\/wp-json\/wp\/v2\/types\/post"}],"author":[{"embeddable":true,"href":"https:\/\/blog.ilgiornale.it\/ruzzo\/wp-json\/wp\/v2\/users\/956"}],"replies":[{"embeddable":true,"href":"https:\/\/blog.ilgiornale.it\/ruzzo\/wp-json\/wp\/v2\/comments?post=131"}],"version-history":[{"count":0,"href":"https:\/\/blog.ilgiornale.it\/ruzzo\/wp-json\/wp\/v2\/posts\/131\/revisions"}],"wp:attachment":[{"href":"https:\/\/blog.ilgiornale.it\/ruzzo\/wp-json\/wp\/v2\/media?parent=131"}],"wp:term":[{"taxonomy":"category","embeddable":true,"href":"https:\/\/blog.ilgiornale.it\/ruzzo\/wp-json\/wp\/v2\/categories?post=131"},{"taxonomy":"post_tag","embeddable":true,"href":"https:\/\/blog.ilgiornale.it\/ruzzo\/wp-json\/wp\/v2\/tags?post=131"}],"curies":[{"name":"wp","href":"https:\/\/api.w.org\/{rel}","templated":true}]}}