{"id":133,"date":"2009-11-25T16:14:26","date_gmt":"2009-11-25T15:14:26","guid":{"rendered":"https:\/\/blog.ilgiornale.it\/ruzzo\/2009\/11\/25\/maratona-di-milano-io-faccio-il-tifo-e-corro\/"},"modified":"2009-11-27T15:04:51","modified_gmt":"2009-11-27T14:04:51","slug":"maratona-di-milano-io-faccio-il-tifo-e-corro","status":"publish","type":"post","link":"https:\/\/blog.ilgiornale.it\/ruzzo\/2009\/11\/25\/maratona-di-milano-io-faccio-il-tifo-e-corro\/","title":{"rendered":"Maratona di Milano: io faccio il tifo. E corro"},"content":{"rendered":"<p>[photopress:mara.jpg,full,alignleft]Rompiamo gli indugi, io faccio il tifo per la maratona di Milano.\u00a0Ieri sono stato alla presentazione\u00a0 della decima edizione, quella delle polemiche, quella spostata all&#8217;11 aprile. Sala Indro Montanelli del Corriere della sera, Carlo Verdelli direttore della Gazzetta, il dottor Gabriele Rosa che ha\u00a0portato con s\u00e8 l&#8217;atleta keniana \u00a0Margaret Okayo\u00a0, l&#8217;assessore del Comune di Milano Giovanni Terzi, Linus, i giornalisti, qualche imbucato, \u00a0insomma c&#8217;erano tutti. Era la presentazione ufficiale che serviva a spiegare cosa cambiera e perch\u00e8 Milano diventer\u00e0 dopo dieci anni di traccheggio una grande maratona. Da giornalista ho seguito tutte le edizioni\u00a0e le conferenze stampa \u00a0precedenti. Non so perch\u00e8, \u00e8 una sensazione, ma mi sembra che questa volta tiri un&#8217;aria differente. Sar\u00e0 perch\u00e8\u00a0 il Comune e l&#8217;assessore Terzi in modo particolare ci hanno messo la faccia e non \u00e8 cosa da poco. Sar\u00e0 perch\u00e8\u00a0\u00a0Linus con la sua radio assicurer\u00e0 un bel traino. E sar\u00e0 anche perch\u00e8 il nuovo percorso \u00e8 finalmente un percorso da maratona\u00a0vera e non il solito assurdo giro delle circonvallazioni della citt\u00e0. Si parte dalla Fiera di Rho, cio\u00e8 da \u00a0fuori, come succede\u00a0in tutte le maratone che contano da\u00a0Londra a New York, e si arriva in centro (ma proprio in centro) con gli ultimi chilometri a fare un po&#8217; da passerella.\u00a0Non credo che ci sar\u00e0 il blocco delle auto, Terzi spera e in Provincia hanno gi\u00e0 anche \u00a0approvato una mozione che presenteranno in Regione per chiedere una domenica ecologica. Ma sono schermaglie. Domenica 11 aprile non ci sar\u00e0 nessuno stop ma sinceramente chissenefrega. Il percorso \u00e8 intelligente e non dovrebbe pi\u00f9 di tanto creare disagi anche se qualche idiota che insulta scommetto che si trova. Sar\u00e0 una grande maratona a dispetto della maglietta che hanno messo nella sacca che non \u00e8 un granch\u00e8 e a dispetto di tutti quei corvi che si augurano che andr\u00e0 male. Io, l&#8217;ho detto, faccio il tifo per la Milano city marathon perch\u00e8 mi piace l&#8217;idea che la mia citt\u00e0 abbia una grande maratona e mi piacciono le sfide difficili. Troppo comodo correre a Berlino e a New York dove tutti ti applaudono&#8230;Anzi azzardo anche una previsione: settemila iscritti al via.\u00a0 E i ci sar\u00f2.<\/p>\n","protected":false},"excerpt":{"rendered":"<p><p>[photopress:mara.jpg,full,alignleft]Rompiamo gli indugi, io faccio il tifo per la maratona di Milano.\u00a0Ieri sono stato alla presentazione\u00a0 della decima edizione, quella delle polemiche, quella spostata all&#8217;11 aprile. Sala Indro Montanelli del Corriere della sera, Carlo Verdelli direttore della Gazzetta, il dottor Gabriele Rosa che ha\u00a0portato con s\u00e8 l&#8217;atleta keniana \u00a0Margaret Okayo\u00a0, l&#8217;assessore del Comune di Milano Giovanni Terzi, Linus, i giornalisti, qualche imbucato, \u00a0insomma c&#8217;erano tutti. Era la presentazione ufficiale che serviva a spiegare cosa cambiera e perch\u00e8 Milano diventer\u00e0 dopo dieci anni di traccheggio una grande maratona. Da giornalista ho seguito tutte le edizioni\u00a0e le conferenze stampa \u00a0precedenti. Non so [&hellip;]<\/p>\n&nbsp;&nbsp;<div class=\"readmore\"><a href=\"https:\/\/blog.ilgiornale.it\/ruzzo\/2009\/11\/25\/maratona-di-milano-io-faccio-il-tifo-e-corro\/\">Continua a leggere...<\/a><\/div><\/p>","protected":false},"author":956,"featured_media":0,"comment_status":"open","ping_status":"closed","sticky":false,"template":"","format":"standard","meta":[],"categories":[1],"tags":[],"_links":{"self":[{"href":"https:\/\/blog.ilgiornale.it\/ruzzo\/wp-json\/wp\/v2\/posts\/133"}],"collection":[{"href":"https:\/\/blog.ilgiornale.it\/ruzzo\/wp-json\/wp\/v2\/posts"}],"about":[{"href":"https:\/\/blog.ilgiornale.it\/ruzzo\/wp-json\/wp\/v2\/types\/post"}],"author":[{"embeddable":true,"href":"https:\/\/blog.ilgiornale.it\/ruzzo\/wp-json\/wp\/v2\/users\/956"}],"replies":[{"embeddable":true,"href":"https:\/\/blog.ilgiornale.it\/ruzzo\/wp-json\/wp\/v2\/comments?post=133"}],"version-history":[{"count":0,"href":"https:\/\/blog.ilgiornale.it\/ruzzo\/wp-json\/wp\/v2\/posts\/133\/revisions"}],"wp:attachment":[{"href":"https:\/\/blog.ilgiornale.it\/ruzzo\/wp-json\/wp\/v2\/media?parent=133"}],"wp:term":[{"taxonomy":"category","embeddable":true,"href":"https:\/\/blog.ilgiornale.it\/ruzzo\/wp-json\/wp\/v2\/categories?post=133"},{"taxonomy":"post_tag","embeddable":true,"href":"https:\/\/blog.ilgiornale.it\/ruzzo\/wp-json\/wp\/v2\/tags?post=133"}],"curies":[{"name":"wp","href":"https:\/\/api.w.org\/{rel}","templated":true}]}}