{"id":136,"date":"2009-12-01T00:43:08","date_gmt":"2009-11-30T23:43:08","guid":{"rendered":"https:\/\/blog.ilgiornale.it\/ruzzo\/2009\/12\/01\/firenze-maratona-perfetta-il-sindaco-renzi-un-po-meno\/"},"modified":"2009-12-01T13:24:56","modified_gmt":"2009-12-01T12:24:56","slug":"firenze-maratona-perfetta-il-sindaco-renzi-un-po-meno","status":"publish","type":"post","link":"https:\/\/blog.ilgiornale.it\/ruzzo\/2009\/12\/01\/firenze-maratona-perfetta-il-sindaco-renzi-un-po-meno\/","title":{"rendered":"Firenze maratona perfetta, il sindaco Renzi un po&#8217; meno&#8230;"},"content":{"rendered":"<p>[photopress:SDC12606_1_2_3_4_5_6_7.JPG,full,alignleft][photopress:SDC12607_1_2_3_4_5_6_7_8.JPG,thumb,alignleft][photopress:SDC12609_1_2_3_4_5_6_7_8.JPG,thumb,alignleft][photopress:SDC12610_1_2_3_4_5_6.JPG,thumb,alignleft]<\/p>\n<p align=\"left\">&nbsp;<\/p>\n<p align=\"left\">&nbsp;<\/p>\n<p align=\"left\">&nbsp;<\/p>\n<p align=\"left\">La maratona perfetta. Quella di Firenze, un paio di giorni fa, lo \u00e8 stata per tanti motivi. Pi\u00f9 di diecimila iscritti, pi\u00f9 di 8mila all&#8217;arrivo, percorso splendido, meteo ancor di pi\u00f9. Un bel gruppo di amici, mia moglie che corre per finire in quattro ore e 15 e ci arriva vicinissima ma comunque soddisfatta. Io che la &lt;scorto&gt; ma soprattutto il mio menisco dolorante che non fa un pliss\u00e8&#8230;Che dire di pi\u00f9? Nulla. Questo post si potrebbe tranquillamente chiudere qui, sarebbe sufficiente inserire un paio di foto e passare oltre. Invece no. Ho voglia di fare un po di polemica. Non so chi sia il responsabile dell&#8217;azienda dei trasporti pubblici di Firenze. E non ho nessuna voglia di cercarlo su Internet. Ma so perfettamente chi \u00e8 il sindaco. Matteo Renzi, uno sveglio, uno che in politica ci sa fare e che anche a livello nazionale \u00e8 molto ben quotato. E&#8217;\u00a0di centrosinistra ma ha capito subito che per amministrare una citt\u00e0 bisogna\u00a0mettere da parte l&#8217;utopia e fare i conti con la realt\u00e0 e con i bilanci che non tornano mai. Cos\u00ec\u00a0\u00a0ha firmato diverse ordinanze &lt;impopolari&gt;\u00a0e poco di sinistra: dal divieto di accattonaggio in centro, a quella contro i falsi mimi e contro i lavavetri. Decisioni che hanno fatto un po&#8217; storcere il naso alla parte pi\u00f9 progressista del suo elettorato ma che\u00a0sono necessarie quando bisogna risolvere i problemi. Perch\u00e8 parlo dei servizi pubblici di Firenze e di Renzi? Perch\u00e8 domenica mattina\u00a0molti maratoneti che\u00a0erano saliti sui bus per raggiungere la zona di partenza si sono trovati faccia a faccia\u00a0con i controllori dell&#8217;azienda sguinzagliati a chiedere i biglietti.\u00a0 Di solito basta il pettorale. Anche a Firenze lo scorso anno bastava il pettorale. Questa volta no. &lt;C&#8217;\u00e8 una circolare che dice che il pettorale vale come documento di viaggio solo sulla navetta che dal lungo Arno porta in piazza Michelangelo. Quindi se non scende le devo fare la multa&#8230;.&gt; ha tagliato corto un controllore in borghese con tanto di badge esibito sul gaiccone. Inutile insistere. Tutti gi\u00f9. A Piedi da Piazza san Marco un gruppo di runners di Taranto, un paio di frastornati atleti francesi, un tedesco, quattro giovani di Salerno e noi, cio\u00e8 io, mia moglie e altri quattro amici. Complimenti a chi ha firmato la circolare. Firenze resta una della maratone pi\u00f9 belle e meglio organizzate d&#8217;Italia ma il Comune questa\u00a0 &lt;cafonata&gt; se la poteva anche risparmiare. Per finire una provocazione. Ho fatto un giro veloce dei siti e dei blog che parlano di maratona. Nessuno pare essersi accorto di nulla&#8230;Scommettiamo che se fosse successo a Milano gli &lt;attenti lettori&gt; avrebbero riempito pagine e pagine di commenti? Diceva Renzo Arbore tanti anni fa &lt;Meditate, gente&#8230;meditate&gt;.<\/p>\n","protected":false},"excerpt":{"rendered":"<p><p>[photopress:SDC12606_1_2_3_4_5_6_7.JPG,full,alignleft][photopress:SDC12607_1_2_3_4_5_6_7_8.JPG,thumb,alignleft][photopress:SDC12609_1_2_3_4_5_6_7_8.JPG,thumb,alignleft][photopress:SDC12610_1_2_3_4_5_6.JPG,thumb,alignleft] &nbsp; &nbsp; &nbsp; La maratona perfetta. Quella di Firenze, un paio di giorni fa, lo \u00e8 stata per tanti motivi. Pi\u00f9 di diecimila iscritti, pi\u00f9 di 8mila all&#8217;arrivo, percorso splendido, meteo ancor di pi\u00f9. Un bel gruppo di amici, mia moglie che corre per finire in quattro ore e 15 e ci arriva vicinissima ma comunque soddisfatta. Io che la &lt;scorto&gt; ma soprattutto il mio menisco dolorante che non fa un pliss\u00e8&#8230;Che dire di pi\u00f9? Nulla. Questo post si potrebbe tranquillamente chiudere qui, sarebbe sufficiente inserire un paio di foto e passare oltre. Invece no. Ho voglia di fare [&hellip;]<\/p>\n&nbsp;&nbsp;<div class=\"readmore\"><a href=\"https:\/\/blog.ilgiornale.it\/ruzzo\/2009\/12\/01\/firenze-maratona-perfetta-il-sindaco-renzi-un-po-meno\/\">Continua a leggere...<\/a><\/div><\/p>","protected":false},"author":956,"featured_media":0,"comment_status":"open","ping_status":"closed","sticky":false,"template":"","format":"standard","meta":[],"categories":[1],"tags":[],"_links":{"self":[{"href":"https:\/\/blog.ilgiornale.it\/ruzzo\/wp-json\/wp\/v2\/posts\/136"}],"collection":[{"href":"https:\/\/blog.ilgiornale.it\/ruzzo\/wp-json\/wp\/v2\/posts"}],"about":[{"href":"https:\/\/blog.ilgiornale.it\/ruzzo\/wp-json\/wp\/v2\/types\/post"}],"author":[{"embeddable":true,"href":"https:\/\/blog.ilgiornale.it\/ruzzo\/wp-json\/wp\/v2\/users\/956"}],"replies":[{"embeddable":true,"href":"https:\/\/blog.ilgiornale.it\/ruzzo\/wp-json\/wp\/v2\/comments?post=136"}],"version-history":[{"count":0,"href":"https:\/\/blog.ilgiornale.it\/ruzzo\/wp-json\/wp\/v2\/posts\/136\/revisions"}],"wp:attachment":[{"href":"https:\/\/blog.ilgiornale.it\/ruzzo\/wp-json\/wp\/v2\/media?parent=136"}],"wp:term":[{"taxonomy":"category","embeddable":true,"href":"https:\/\/blog.ilgiornale.it\/ruzzo\/wp-json\/wp\/v2\/categories?post=136"},{"taxonomy":"post_tag","embeddable":true,"href":"https:\/\/blog.ilgiornale.it\/ruzzo\/wp-json\/wp\/v2\/tags?post=136"}],"curies":[{"name":"wp","href":"https:\/\/api.w.org\/{rel}","templated":true}]}}