{"id":14488,"date":"2014-12-06T20:26:25","date_gmt":"2014-12-06T19:26:25","guid":{"rendered":"https:\/\/blog.ilgiornale.it\/ruzzo\/?p=14488"},"modified":"2014-12-07T00:10:56","modified_gmt":"2014-12-06T23:10:56","slug":"la-croisette-james-bond-fa-spazio-ai-triatleti","status":"publish","type":"post","link":"https:\/\/blog.ilgiornale.it\/ruzzo\/2014\/12\/06\/la-croisette-james-bond-fa-spazio-ai-triatleti\/","title":{"rendered":"La Croisette? James Bond fa spazio ai triatleti"},"content":{"rendered":"<p><a href=\"https:\/\/blog.ilgiornale.it\/ruzzo\/files\/2014\/12\/TriStarCanne2013apreiscrizioni.jpg\"><img loading=\"lazy\" class=\"alignleft size-medium wp-image-14490\" src=\"https:\/\/blog.ilgiornale.it\/ruzzo\/files\/2014\/12\/TriStarCanne2013apreiscrizioni-300x199.jpg\" alt=\"\" width=\"300\" height=\"199\" \/><\/a>&lt;Rendez-vous dimanche 19 avril 2015 \u00e0 Cannes, ville mythique&#8230;&gt;. Vuoi mettere i francesi. Basta sentirli parlare per lasciarsi affascinare. Cos\u00ec un semplice\u00a0\u00a0appuntamento diventa un\u00a0&lt;rendez vous&gt; e allora non si pu\u00f2 pi\u00f9 perdere&#8230;\u00a0 La\u00a0 Costa Azzurra, Cannes, \u00a0il festival del cinema ,\u00a0 le star che sfilano,\u00a0 i paparazzi che sgomitano per rubare uno scatto,\u00a0 passa\u00a0tutto in secondo piano. \u00a0Il prosimo 19 aprile sulla <strong>Croisette<\/strong> non ci saranno<strong> Daniel Craig<\/strong>, <strong>Monica Bellucci\u00a0<\/strong> e l&#8217; <strong>Aston Martin di 007<\/strong>, la\u00a0 missione impossible, anzi &lt;possibilissima&gt;, sar\u00e0 quella dei triatleti e a strappare gli applausi toccher\u00e0 a <strong>Jenny Fletcher<\/strong>, <strong>Daniel Fontana<\/strong> e <strong>Ivan Risti<\/strong>, tutti rigorosamente\u00a0 con l&#8217;accento sulla finale, che fa tutta un&#8217;altra scena&#8230;\u00a0\u00a0&#8220;E&#8217; la seconda edizione di\u00a0 una gara che gi\u00e0 al suo esordio lo scorso anno ha portato al via 1250 atleti- spiega l&#8217;organizzatrice <strong>Manuela Garelli<\/strong>&#8211; quest&#8217;anno puntiamo a raggiungere quota duemila, anche perch\u00e8 le iscrizioni che si sono appena aperte stanno andando gi\u00e0 bene&#8230;&gt;.\u00a0 E cos\u00ec sar\u00e0, c&#8217;\u00e8 da scommetterci. Gara fascinosa il <strong>Triathlon di Cannes<\/strong>, &lt;charmante&gt; direbbero i francesi. Si nuota in Costa Azzurra, si pedala sulle alpi Marittime, si corre sulla Croisette e gi\u00e0 questo basterebbe per fare di un triathlon, un triathlon di successo. Se poi si aggiunge che da quelle parti aprile \u00e8 gi\u00e0 quasi estate e che si potr\u00e0 anche scegliere tra due gare il gioco \u00e8 fatto. &lt;S\u00ec- spiega <strong>Manuela Garelli<\/strong>&#8211; anche questa volta i tracciati saranno due. Uno pi\u00f9 \u00a0lungodi 2 mila metri in mare, 80 in bici e 18 di corsa e uno pi\u00f9 breve che in pratica \u00e8 la met\u00e0. Ci sar\u00e0 anche una\u00a0run kids riservata agli atleti pi\u00f9 piccoli perch\u00e8 molto spesso i tratleti viaggiano con la famiglia&#8230;&gt;. E cos\u00ec ci si attrezza, perch\u00e8 se quasi sempre una gara vale un week-end di vacanza per staccare un po&#8217; dal lavoro e da una citt\u00e0, a Cannes questa regola vale doppio.\u00a0 Quindi si parte, anzi si riparte. Dal successo dello scorso anno a cui ieri sera, nell&#8217;ottima cornice milanese del <strong>Wine Road<\/strong> di viale Piave, si \u00e8 brindato. Bianchi e rossi alzati in calici in un locale gestito da un triatleta e che sta diventando anche un &#8220;covo&#8221; di triatleti. E tutti avevano un buon motivo per brindare . Da<strong> Giorgio Alemanni<\/strong> che\u00a0ha messo trent&#8217;anni di gare in un libro, a <strong>Matteo Fontana<\/strong> che\u00a0\u00a0quest&#8217;anno in Canada ha vinto il mondiale 70.3 della sua categoria. Da<strong> Ivan Risti<\/strong> che\u00a0dopo il suo primo\u00a0Ironman in Brasile\u00a0 gi\u00e0 pensa al Sudafrica a marzo, a\u00a0<strong>Daniel Fontana<\/strong> che va a festeggiare il suo Natale in Argentina e poi correr\u00e0 nel mezzo Ironman di <strong>Pucon, <\/strong>\u00a0in<strong> Cile. <\/strong>Da\u00a0 l\u00ec ricomincia il suo 2015, a caccia di una qualificazione che lo riporter\u00e0 alle <strong>Hawaii\u00a0<\/strong>e\u00a0a caccia di quella gara della vita che sta ancora cercando. E chiss\u00e0 mai che non la trovi prorpio a Kona&#8230;<\/p>\n","protected":false},"excerpt":{"rendered":"<p><p>&lt;Rendez-vous dimanche 19 avril 2015 \u00e0 Cannes, ville mythique&#8230;&gt;. Vuoi mettere i francesi. Basta sentirli parlare per lasciarsi affascinare. Cos\u00ec un semplice\u00a0\u00a0appuntamento diventa un\u00a0&lt;rendez vous&gt; e allora non si pu\u00f2 pi\u00f9 perdere&#8230;\u00a0 La\u00a0 Costa Azzurra, Cannes, \u00a0il festival del cinema ,\u00a0 le star che sfilano,\u00a0 i paparazzi che sgomitano per rubare uno scatto,\u00a0 passa\u00a0tutto in secondo piano. \u00a0Il prosimo 19 aprile sulla Croisette non ci saranno Daniel Craig, Monica Bellucci\u00a0 e l&#8217; Aston Martin di 007, la\u00a0 missione impossible, anzi &lt;possibilissima&gt;, sar\u00e0 quella dei triatleti e a strappare gli applausi toccher\u00e0 a Jenny Fletcher, Daniel Fontana e Ivan Risti, tutti [&hellip;]<\/p>\n&nbsp;&nbsp;<div class=\"readmore\"><a href=\"https:\/\/blog.ilgiornale.it\/ruzzo\/2014\/12\/06\/la-croisette-james-bond-fa-spazio-ai-triatleti\/\">Continua a leggere...<\/a><\/div><\/p>","protected":false},"author":956,"featured_media":0,"comment_status":"open","ping_status":"closed","sticky":false,"template":"","format":"standard","meta":[],"categories":[1],"tags":[],"_links":{"self":[{"href":"https:\/\/blog.ilgiornale.it\/ruzzo\/wp-json\/wp\/v2\/posts\/14488"}],"collection":[{"href":"https:\/\/blog.ilgiornale.it\/ruzzo\/wp-json\/wp\/v2\/posts"}],"about":[{"href":"https:\/\/blog.ilgiornale.it\/ruzzo\/wp-json\/wp\/v2\/types\/post"}],"author":[{"embeddable":true,"href":"https:\/\/blog.ilgiornale.it\/ruzzo\/wp-json\/wp\/v2\/users\/956"}],"replies":[{"embeddable":true,"href":"https:\/\/blog.ilgiornale.it\/ruzzo\/wp-json\/wp\/v2\/comments?post=14488"}],"version-history":[{"count":11,"href":"https:\/\/blog.ilgiornale.it\/ruzzo\/wp-json\/wp\/v2\/posts\/14488\/revisions"}],"predecessor-version":[{"id":14500,"href":"https:\/\/blog.ilgiornale.it\/ruzzo\/wp-json\/wp\/v2\/posts\/14488\/revisions\/14500"}],"wp:attachment":[{"href":"https:\/\/blog.ilgiornale.it\/ruzzo\/wp-json\/wp\/v2\/media?parent=14488"}],"wp:term":[{"taxonomy":"category","embeddable":true,"href":"https:\/\/blog.ilgiornale.it\/ruzzo\/wp-json\/wp\/v2\/categories?post=14488"},{"taxonomy":"post_tag","embeddable":true,"href":"https:\/\/blog.ilgiornale.it\/ruzzo\/wp-json\/wp\/v2\/tags?post=14488"}],"curies":[{"name":"wp","href":"https:\/\/api.w.org\/{rel}","templated":true}]}}