{"id":14501,"date":"2014-12-07T20:04:56","date_gmt":"2014-12-07T19:04:56","guid":{"rendered":"https:\/\/blog.ilgiornale.it\/ruzzo\/?p=14501"},"modified":"2014-12-07T20:48:12","modified_gmt":"2014-12-07T19:48:12","slug":"un-ironman-alle-falde-del-kilimangiaro","status":"publish","type":"post","link":"https:\/\/blog.ilgiornale.it\/ruzzo\/2014\/12\/07\/un-ironman-alle-falde-del-kilimangiaro\/","title":{"rendered":"Un Ironman alle Falde del Kilimangiaro"},"content":{"rendered":"<p><strong><a href=\"https:\/\/blog.ilgiornale.it\/ruzzo\/files\/2014\/12\/10847980_812653865462793_7436328485140939813_n.jpg\"><img loading=\"lazy\" class=\"alignleft size-medium wp-image-14503\" src=\"https:\/\/blog.ilgiornale.it\/ruzzo\/files\/2014\/12\/10847980_812653865462793_7436328485140939813_n-300x225.jpg\" alt=\"\" width=\"300\" height=\"225\" srcset=\"https:\/\/blog.ilgiornale.it\/ruzzo\/files\/2014\/12\/10847980_812653865462793_7436328485140939813_n-300x225.jpg 300w, https:\/\/blog.ilgiornale.it\/ruzzo\/files\/2014\/12\/10847980_812653865462793_7436328485140939813_n.jpg 960w\" sizes=\"(max-width: 300px) 100vw, 300px\" \/><\/a>Daniel Fontana<\/strong>\u00a0\u00a0 ospite alle <strong>&#8220;Falde del Kilimangiaro&#8221;\u00a0<\/strong> su Raitre invita a due riflessioni. La prima \u00e8 che il capitano della <strong>DDs<\/strong> se la cava bene anche in un talk-show ma credo\u00a0che l&#8217;Ironman preferisca farlo anzich\u00e8 raccontarlo in tv. Per\u00f2 bravo. Anzi bravissimo. Perch\u00e8 a tanti davanti alle telecamere di uno studio televisivo si azzera la salivazione. E&#8217; un po&#8217; come il primo tuffo in mare con la boa della prima virata che ti sembra irraggiungibile: il pericolo di non trovare il coraggio\u00a0di mettere i piedi in acqua \u00e8 li dietro l&#8217;angolo.\u00a0 E se capita tutto il resto sono chiacchiere. Invece seduto di fronte a <strong>Camila Raznovich<\/strong> ( che non fa rimpiangere <strong>Licia Col\u00f2<\/strong>)\u00a0\u00a0 <strong>Fontana<\/strong> \u00e8 sembrato il\u00a0<strong>Fontana<\/strong> alla mano di sempre.\u00a0 E ci\u00f2 va tutto a suo merito. La seconda \u00e8 che\u00a0raccontare un Ironman\u00a0nella domenica pomeriggio di Raitre, tra\u00a0&lt;domeniche in&gt; e &lt;domeniche insieme&gt;,\u00a0da qualsiasi parte si prenda, \u00e8 un bello spot per il triathlon. Ora c&#8217;\u00e8 chi dir\u00e0 che l&#8217;Ironman\u00a0con il triathlon c&#8217;entra poco e nulla, ma questa \u00e8 una discussione da esperti. La maggiorparte delle persone che oggi hanno ascoltato il racconto della vittoria di <strong>Los Cabos<\/strong>, della fatica,\u00a0 dei luoghi, del mondiale hawaiano di <strong>Kona<\/strong> hanno capito che<strong> Fontana<\/strong> &amp; company nuotano, pedalano e corrono. E non tutti lo sapevano. Vagli\u00a0a spiegare poi cosa cambia quando cambiano le distanze, che c&#8217;\u00e8 il mezzo, l&#8217;olimpico, lo sprint&#8230;Dettagli quando si deve far promozione. Per far uscire uno sport dal guscio bisogna &#8220;volgarizzarlo&#8221; un po&#8217;, bisogna portarlo via dai siti e dai giornali specializzati e farlo approdare dove la &#8220;chiacchiera&#8221; \u00e8 meno tecnica, meno precisa, meno da addetti ai lavori. In questo senso il &lt;Kilamangiaro&gt; \u00e8 un ottimo passepartout. E pazienza se qualcuno storce un po&#8217; il naso perch\u00e8 c&#8217;\u00e8 chi osa mettere il naso nella sua &lt;riserva&gt;&#8230;.<\/p>\n<p>&nbsp;<\/p>\n","protected":false},"excerpt":{"rendered":"<p><p>Daniel Fontana\u00a0\u00a0 ospite alle &#8220;Falde del Kilimangiaro&#8221;\u00a0 su Raitre invita a due riflessioni. La prima \u00e8 che il capitano della DDs se la cava bene anche in un talk-show ma credo\u00a0che l&#8217;Ironman preferisca farlo anzich\u00e8 raccontarlo in tv. Per\u00f2 bravo. Anzi bravissimo. Perch\u00e8 a tanti davanti alle telecamere di uno studio televisivo si azzera la salivazione. E&#8217; un po&#8217; come il primo tuffo in mare con la boa della prima virata che ti sembra irraggiungibile: il pericolo di non trovare il coraggio\u00a0di mettere i piedi in acqua \u00e8 li dietro l&#8217;angolo.\u00a0 E se capita tutto il resto sono chiacchiere. Invece [&hellip;]<\/p>\n&nbsp;&nbsp;<div class=\"readmore\"><a href=\"https:\/\/blog.ilgiornale.it\/ruzzo\/2014\/12\/07\/un-ironman-alle-falde-del-kilimangiaro\/\">Continua a leggere...<\/a><\/div><\/p>","protected":false},"author":956,"featured_media":0,"comment_status":"open","ping_status":"closed","sticky":false,"template":"","format":"standard","meta":[],"categories":[1],"tags":[],"_links":{"self":[{"href":"https:\/\/blog.ilgiornale.it\/ruzzo\/wp-json\/wp\/v2\/posts\/14501"}],"collection":[{"href":"https:\/\/blog.ilgiornale.it\/ruzzo\/wp-json\/wp\/v2\/posts"}],"about":[{"href":"https:\/\/blog.ilgiornale.it\/ruzzo\/wp-json\/wp\/v2\/types\/post"}],"author":[{"embeddable":true,"href":"https:\/\/blog.ilgiornale.it\/ruzzo\/wp-json\/wp\/v2\/users\/956"}],"replies":[{"embeddable":true,"href":"https:\/\/blog.ilgiornale.it\/ruzzo\/wp-json\/wp\/v2\/comments?post=14501"}],"version-history":[{"count":8,"href":"https:\/\/blog.ilgiornale.it\/ruzzo\/wp-json\/wp\/v2\/posts\/14501\/revisions"}],"predecessor-version":[{"id":14507,"href":"https:\/\/blog.ilgiornale.it\/ruzzo\/wp-json\/wp\/v2\/posts\/14501\/revisions\/14507"}],"wp:attachment":[{"href":"https:\/\/blog.ilgiornale.it\/ruzzo\/wp-json\/wp\/v2\/media?parent=14501"}],"wp:term":[{"taxonomy":"category","embeddable":true,"href":"https:\/\/blog.ilgiornale.it\/ruzzo\/wp-json\/wp\/v2\/categories?post=14501"},{"taxonomy":"post_tag","embeddable":true,"href":"https:\/\/blog.ilgiornale.it\/ruzzo\/wp-json\/wp\/v2\/tags?post=14501"}],"curies":[{"name":"wp","href":"https:\/\/api.w.org\/{rel}","templated":true}]}}