{"id":14577,"date":"2014-12-15T19:14:53","date_gmt":"2014-12-15T18:14:53","guid":{"rendered":"https:\/\/blog.ilgiornale.it\/ruzzo\/?p=14577"},"modified":"2014-12-15T19:14:53","modified_gmt":"2014-12-15T18:14:53","slug":"si-fa-presto-a-dire-roma-olimpica","status":"publish","type":"post","link":"https:\/\/blog.ilgiornale.it\/ruzzo\/2014\/12\/15\/si-fa-presto-a-dire-roma-olimpica\/","title":{"rendered":"Si fa presto a dire Roma olimpica"},"content":{"rendered":"<div>Frasi fatte. Si fa presto a dire Roma\u00a0olimpica. E si fa presto anche a dire\u00a0&#8220;Pi\u00f9 sport nelle scuole&#8221;, non costa nulla. E poi le parole passano e chi se le ricorda pi\u00f9? Per\u00f2 poi vai a vedere qual \u00e8 la situazione\u00a0 in molti istituti del Paese che non hanno neppure le palestre e ti metti le mani nei capelli. Parla chiaro l&#8217;ultima, spietata, \u00a0indagine del <strong>Censis<\/strong>.\u00a0 Ma una frase non costa nulla. E cos\u00ec l&#8217;ha ripetuto ancora oggi il presidente del Coni <strong>Giovanni Malag\u00f2<\/strong> che le scuole sono una priorit\u00e0. O forse lo erano. Gi\u00e0 perch\u00e8 dalle 11,17 di questa mattina, dopo i saluti di rito nel Salone d&#8217;onore\u00a0del Comitato olimpico.\u00a0\u00e8 arrivato\u00a0<strong>Matteo Renzi\u00a0<\/strong> a dire che d&#8217;ora in poi la priorit\u00e0 diventa un&#8217;altra: \u00a0&#8220;Dobbiamo aiutare l&#8217;Italia ad alimentare i sogni- ha detto il premier-\u00a0e per questo\u00a0saremo a fianco del<strong> Coni<\/strong> perch\u00e9\u00a0 a settembre 2015 presenti la sua candidatura ai<strong> Giochi olimpici del 2024<\/strong>. E non sar\u00e0 una candidatura tanto per partecipare, ma una sfida che vogliamo vincere e per cui faremo tutto il possibile fino al 2017&#8243;.\u00a0 C&#8217;\u00e8 un solo motivo per cui \u00a0un Paese come il nostro, che \u00e8 sull&#8217;orlo del crack, \u00a0dovrebbe imbarcarsi in una avventura simile e cio\u00e8 per provare a far ripartire l&#8217;economia e l&#8217;occupazione\u00a0con la costruzione di impiantie infrastrutture. Cio\u00e8 con le opere pubbliche.\u00a0 Quindi le olimpiadi sarebbero un&#8217;opportunit\u00e0. Ma anche<strong> Expo<\/strong> lo era e sta finendo come non doveva finire cio\u00e8 con sei inchieste aperte della magistratura milanese sugli appalti, un paio di aziende commissariate per mafia ed una serie di arresti eccellenti anche tra chi avrebbe dovuto controllare. E\u00a0\u00a0Roma oggi \u00e8\u00a0&#8220;Mafia capitale&#8221;\u00a0 cos\u00ec come si pensava e cos\u00ec come si\u00a0sta scoprendo. Ci\u00f2 detto c&#8217;\u00e8 l&#8217;altissima probabilit\u00e0 che una\u00a0 chanche olimpica ( ma\u00a0non ce la daranno&#8230;)\u00a0 diventi il perfetto &lt;brodo di cultura&gt; perch\u00e8 in tanti continuino a fare e a brigare come si \u00e8 fatto fino ad oggi se non peggio. Chiedere di organizzare le olimpiadi a Roma oggi sarebbe stato un po&#8217; come chiedere di organizzare un Forum Mondiale della Legalit\u00e0 a Milano al tempo di\u00a0&lt;Mani pulite&gt;. E le scuole che c&#8217;entrano? C&#8217;entrano. Perch\u00e8 in un Paese che, come dice Renzi, ha bisogno di un sogno olimpico per ripartire c&#8217;\u00e8 invece tanto (ma tanto) pi\u00f9 bisogno di progetti concreti per rimettere in sesto l&#8217;unica istituzione che pu\u00f2 permettere ai nostri figli di sognare davvero.\u00a0 Altro che olimpiadi.<\/div>\n","protected":false},"excerpt":{"rendered":"<p><p>Frasi fatte. Si fa presto a dire Roma\u00a0olimpica. E si fa presto anche a dire\u00a0&#8220;Pi\u00f9 sport nelle scuole&#8221;, non costa nulla. E poi le parole passano e chi se le ricorda pi\u00f9? Per\u00f2 poi vai a vedere qual \u00e8 la situazione\u00a0 in molti istituti del Paese che non hanno neppure le palestre e ti metti le mani nei capelli. Parla chiaro l&#8217;ultima, spietata, \u00a0indagine del Censis.\u00a0 Ma una frase non costa nulla. E cos\u00ec l&#8217;ha ripetuto ancora oggi il presidente del Coni Giovanni Malag\u00f2 che le scuole sono una priorit\u00e0. O forse lo erano. Gi\u00e0 perch\u00e8 dalle 11,17 di questa [&hellip;]<\/p>\n&nbsp;&nbsp;<div class=\"readmore\"><a href=\"https:\/\/blog.ilgiornale.it\/ruzzo\/2014\/12\/15\/si-fa-presto-a-dire-roma-olimpica\/\">Continua a leggere...<\/a><\/div><\/p>","protected":false},"author":956,"featured_media":0,"comment_status":"open","ping_status":"closed","sticky":false,"template":"","format":"standard","meta":[],"categories":[1],"tags":[],"_links":{"self":[{"href":"https:\/\/blog.ilgiornale.it\/ruzzo\/wp-json\/wp\/v2\/posts\/14577"}],"collection":[{"href":"https:\/\/blog.ilgiornale.it\/ruzzo\/wp-json\/wp\/v2\/posts"}],"about":[{"href":"https:\/\/blog.ilgiornale.it\/ruzzo\/wp-json\/wp\/v2\/types\/post"}],"author":[{"embeddable":true,"href":"https:\/\/blog.ilgiornale.it\/ruzzo\/wp-json\/wp\/v2\/users\/956"}],"replies":[{"embeddable":true,"href":"https:\/\/blog.ilgiornale.it\/ruzzo\/wp-json\/wp\/v2\/comments?post=14577"}],"version-history":[{"count":3,"href":"https:\/\/blog.ilgiornale.it\/ruzzo\/wp-json\/wp\/v2\/posts\/14577\/revisions"}],"predecessor-version":[{"id":14580,"href":"https:\/\/blog.ilgiornale.it\/ruzzo\/wp-json\/wp\/v2\/posts\/14577\/revisions\/14580"}],"wp:attachment":[{"href":"https:\/\/blog.ilgiornale.it\/ruzzo\/wp-json\/wp\/v2\/media?parent=14577"}],"wp:term":[{"taxonomy":"category","embeddable":true,"href":"https:\/\/blog.ilgiornale.it\/ruzzo\/wp-json\/wp\/v2\/categories?post=14577"},{"taxonomy":"post_tag","embeddable":true,"href":"https:\/\/blog.ilgiornale.it\/ruzzo\/wp-json\/wp\/v2\/tags?post=14577"}],"curies":[{"name":"wp","href":"https:\/\/api.w.org\/{rel}","templated":true}]}}