{"id":14585,"date":"2014-12-16T18:01:00","date_gmt":"2014-12-16T17:01:00","guid":{"rendered":"https:\/\/blog.ilgiornale.it\/ruzzo\/?p=14585"},"modified":"2014-12-16T23:53:24","modified_gmt":"2014-12-16T22:53:24","slug":"e-gia-caos-olimpico","status":"publish","type":"post","link":"https:\/\/blog.ilgiornale.it\/ruzzo\/2014\/12\/16\/e-gia-caos-olimpico\/","title":{"rendered":"E&#8217; gi\u00e0 caos olimpico"},"content":{"rendered":"<p>Da questa mattina sono diventato &#8220;scettico&#8221;, &#8220;leghista&#8221; ,&#8221;sfascista&#8221; e &#8220;antipolitico&#8221;.\u00a0 Bollato.\u00a0 Si fa presto a beccarsi un&#8217;etichetta\u00a0, basta non esser d&#8217;accordo con l&#8217;entusiasta truppa &#8220;olimpica&#8221;.\u00a0\u00a0Il premier <strong>Renzi<\/strong> lancia la candidatura per il 2024\u00a0 e il Paese\u00a0si divide. Da una parte chi crede che con questi conti, con &lt;mafia capitale&gt;, e con<strong> Expo\u00a0<\/strong>martoriato da inchieste e arresti\u00a0 il governo farebbe meglio prima a mettere a posto le cose e poi pensare in grande. Dall&#8217;altra una bella squadra di illuminati strateghi a fare il tifo per il &lt;sogno&gt;, \u00a0perch\u00e8 ora si dice cos\u00ec.\u00a0 Una &lt;ola&gt; bipartisan\u00a0 da <strong>Piero Fassino<\/strong> a <strong>Rosy Bindi<\/strong> a <strong>Raffaele Ranucci <\/strong>a<strong> Stefano Pedica<\/strong>\u00a0del<strong> Pd<\/strong> ( ma <strong>Renzi<\/strong> non li aveva rottamati?). Da <strong>Osvaldo Napoli<\/strong> e<strong> Francesco Giro<\/strong> di Forza Italia, al ministro <strong>Maurizio Lupi <\/strong>dell&#8217;Ncd<strong>, a Francesco Storace <\/strong>della Destra a<strong>\u00a0<\/strong> <strong>Gianfranco Librandi<\/strong> di Scelta Civica. E altri se ne aggiungeranno. Ma fa i salti di gioia per questa decisione che far\u00e0 ripartire il Paese anche chi\u00a0\u00a0non era d&#8217;accordo. L&#8217;ex presidente del consiglio <strong>Mario Monti\u00a0<\/strong>un paio di anni fa di olimpiadi non volle neppure sentir parlare ma se oggi ci si pu\u00f2 provare un po&#8217; \u00e8 anche merito suo: &lt;\u00a0Se Renzi oggi pu\u00f2 candidare l&#8217;Italia \u00e8 anche\u00a0grazie al mio no- spiega <strong>Monti<\/strong>&#8211; Ora le condizioni sono cambiate&#8230;&gt;.\u00a0 Opinioni, ognuno alla fine vede ci\u00f2 che vuol vedere. La crisi resta pesante e le olimpiadi saranno l&#8217;occasione giusta per venirne fuori dicono un po&#8217; tutti. Basta fare squadra. Appunto. Infatti \u00e8 gi\u00e0 cominciata\u00a0la solita guerra di campanili. &lt;Se ci saranno i giochi- tuona il governatore lombardo <strong>Roberto Maroni<\/strong>&#8211; dovranno essere ache un po&#8217; lumbard.&gt;. E ti pareva. E il sindaco<strong> Giuliano Pisapia<\/strong> non si tira indietro anche se ( lui pure) un paio di anni fa si sfil\u00f2 alla grande. Ora per\u00f2 ci sta ed \u00e8 pronto a collaborare mettendo a disposizione\u00a0 tutti gli impianti della citta. Chiss\u00e0 quali per\u00f2,\u00a0 perch\u00e8\u00a0 non ci sono e Milano non ha neppure lo straccio di una piscina olimpica. Chiacchiere quindi. E ognuno dice la sua. Cos\u00ec il sindaco di Napoli <strong>Luigi De Magistris\u00a0<\/strong>gi\u00e0 candida Napoli per ospitare gli sport d&#8217;acqua\u00a0che per\u00f2 fanno gola anche alla Liguria &lt;perche- dichiara il governatore <strong>Claudio Burlando<\/strong>&#8211; nuoto, pallanuoto e canottaggio da noi sono tradizione&gt;.\u00a0 Evidentemente la torta olimpica piace. E allora le gare di ciclsmo le reclama sindaco di Firenze <strong>Dario Nardella<\/strong> &lt;pech\u00e8 lo scorso anno noi in citt\u00e0 abbiamo organizzato i mondiali&#8230;&gt; e\u00a0 quelle di vela e surf\u00a0\u00a0\u00a0il presidente della Regione Sardegna, <strong>Francesco Pigliaru <\/strong>per ovvi motivi logistici<strong>.\u00a0<\/strong>\u00a0Pronti via ed \u00e8 gi\u00e0 un bel caos olimpico, la solita gazzarra a cui siamo ormai un po&#8217; tutti abituati e rassegnati. Per\u00f2 questa volta sar\u00e0 diverso e, con un pizzico di faccia tosta, lo ha ricordato stamattina a RadioUno il sindaco di Roma <strong>Ignazio Marino<\/strong>. Perch\u00e8 \u00a0il sogno olimpico si pu\u00f2 cullare? &lt;Perch\u00e8 i romani e l\u2019Italia si devono fidare. A Roma \u00e8 cambiatodavvero tutto&#8230;&gt;.\u00a0Messa cos\u00ec sembra uno scherzo e invece \u00e8 tutto vero. Come sono veri i numeri che, anche se spesso si possono interpretare, qualcosa vogliono sempre dire. Ed eccole le cifre di chi ha organizzato i Giochi prima di noi pubblicate oggi su <strong>Repubblica<\/strong>. E sono da brividi.\u00a0 Nel 2004 ad <strong>Atene<\/strong> le olimpiadi costarono 12 miliardi e quella spesa fece di fatto fallire la <strong>Grecia<\/strong>.\u00a0 Nel 2005 per i Giochi invernali di <strong>Torino<\/strong> si spesero 5 mliardi e per ripianare un buco da 3,2 miliardi ci si affid\u00f2 poi a una lotteria.\u00a0 A <strong>Pechino<\/strong> nel 2008 il budget fu di 32 miliardi, \u00a0a <strong>Londra, <\/strong>quattro anni dopo<strong>,<\/strong> se ne spesero 11 a fronte dei \u00a03 iniziali previsti e a <strong>Sochi<\/strong> quest&#8217;anno si era partiti con una previsione di spesa di 9.6 miliardi ma alla fine il conto \u00e8 stato di 41. Servono investimenti pesanti quindi per organizzare un&#8217;olimpiade. E l&#8217;Italia dovr\u00e0 trovarli. Ma forse il problema pi\u00f9 grande non \u00e8 dove recuperare fondi e sponsor ma la trasparenza con cui verranno gestiti gare, appalti e cantieri. La solita stroria insomma. <strong>Renzi,<\/strong> come sempre, ha dubbi: &lt;Ho notato come vi sia stata una reazione davvero sorprendente trasversale, di parte dell\u2019opposizione e parte della maggioranza, dei guru dell\u2019 antipolitica con profondi pensieri di strateghi dell\u2019attualit\u00e0- ha spiegato un po&#8217; piccato il premier-\u00a0 Tutti a dire che \u00e8 impossibile fare le Olimpiadi in Italia perch\u00e8 c\u2019\u00e8 chi ruba, ma se c\u2019\u00e8 chi ruba si manda in galera, semplice no?\u00bb.\u00a0 Assolutamente s\u00ec. Sar\u00f2 anche scettico, ma un po&#8217; mi scappa da ridere&#8230;<\/p>\n","protected":false},"excerpt":{"rendered":"<p><p>Da questa mattina sono diventato &#8220;scettico&#8221;, &#8220;leghista&#8221; ,&#8221;sfascista&#8221; e &#8220;antipolitico&#8221;.\u00a0 Bollato.\u00a0 Si fa presto a beccarsi un&#8217;etichetta\u00a0, basta non esser d&#8217;accordo con l&#8217;entusiasta truppa &#8220;olimpica&#8221;.\u00a0\u00a0Il premier Renzi lancia la candidatura per il 2024\u00a0 e il Paese\u00a0si divide. Da una parte chi crede che con questi conti, con &lt;mafia capitale&gt;, e con Expo\u00a0martoriato da inchieste e arresti\u00a0 il governo farebbe meglio prima a mettere a posto le cose e poi pensare in grande. Dall&#8217;altra una bella squadra di illuminati strateghi a fare il tifo per il &lt;sogno&gt;, \u00a0perch\u00e8 ora si dice cos\u00ec.\u00a0 Una &lt;ola&gt; bipartisan\u00a0 da Piero Fassino a Rosy Bindi [&hellip;]<\/p>\n&nbsp;&nbsp;<div class=\"readmore\"><a href=\"https:\/\/blog.ilgiornale.it\/ruzzo\/2014\/12\/16\/e-gia-caos-olimpico\/\">Continua a leggere...<\/a><\/div><\/p>","protected":false},"author":956,"featured_media":0,"comment_status":"open","ping_status":"closed","sticky":false,"template":"","format":"standard","meta":[],"categories":[1],"tags":[],"_links":{"self":[{"href":"https:\/\/blog.ilgiornale.it\/ruzzo\/wp-json\/wp\/v2\/posts\/14585"}],"collection":[{"href":"https:\/\/blog.ilgiornale.it\/ruzzo\/wp-json\/wp\/v2\/posts"}],"about":[{"href":"https:\/\/blog.ilgiornale.it\/ruzzo\/wp-json\/wp\/v2\/types\/post"}],"author":[{"embeddable":true,"href":"https:\/\/blog.ilgiornale.it\/ruzzo\/wp-json\/wp\/v2\/users\/956"}],"replies":[{"embeddable":true,"href":"https:\/\/blog.ilgiornale.it\/ruzzo\/wp-json\/wp\/v2\/comments?post=14585"}],"version-history":[{"count":9,"href":"https:\/\/blog.ilgiornale.it\/ruzzo\/wp-json\/wp\/v2\/posts\/14585\/revisions"}],"predecessor-version":[{"id":14594,"href":"https:\/\/blog.ilgiornale.it\/ruzzo\/wp-json\/wp\/v2\/posts\/14585\/revisions\/14594"}],"wp:attachment":[{"href":"https:\/\/blog.ilgiornale.it\/ruzzo\/wp-json\/wp\/v2\/media?parent=14585"}],"wp:term":[{"taxonomy":"category","embeddable":true,"href":"https:\/\/blog.ilgiornale.it\/ruzzo\/wp-json\/wp\/v2\/categories?post=14585"},{"taxonomy":"post_tag","embeddable":true,"href":"https:\/\/blog.ilgiornale.it\/ruzzo\/wp-json\/wp\/v2\/tags?post=14585"}],"curies":[{"name":"wp","href":"https:\/\/api.w.org\/{rel}","templated":true}]}}