{"id":14600,"date":"2014-12-18T18:47:09","date_gmt":"2014-12-18T17:47:09","guid":{"rendered":"https:\/\/blog.ilgiornale.it\/ruzzo\/?p=14600"},"modified":"2014-12-18T23:44:12","modified_gmt":"2014-12-18T22:44:12","slug":"campaccio-la-roubaix-dellatletica","status":"publish","type":"post","link":"https:\/\/blog.ilgiornale.it\/ruzzo\/2014\/12\/18\/campaccio-la-roubaix-dellatletica\/","title":{"rendered":"Campaccio, la Roubaix dell&#8217;atletica"},"content":{"rendered":"<p>E&#8217; come una<strong>\u00a0Roubaix<\/strong> . Il Campaccio sta all&#8217;atletica come i settori di pav\u00e8 che portano verso il mitico Velodrome stanno al ciclismo. Fatica, fango e gloria. Tanta gloria perch\u00e8 chi vince qui \u00e8 sempre un po&#8217; speciale. E da\u00a0<strong>Bordin<\/strong> a<strong> Panetta<\/strong>, da <strong>Ambu<\/strong> ad <strong>Arese<\/strong>, da<strong> Fava<\/strong> a <strong>Ortis<\/strong> fino a <strong>Tergat, Gebrselassie, la Radcliffe, Gabriella Dorio<\/strong> e <strong>Paola Pigni<\/strong> di qui sono passati un po\u2019 tutti e hanno scritto pagine che sono rimaste.\u00a0I mitici prati intorno allo stadio<strong> Angelo Alberti<\/strong> di <strong>San Giorgio su Legnano<\/strong> possono raccontare un lungo pezzo di storia del cross.\u00a0\u00a0Da pi\u00f9 di mezzo secolo nel giorno della Befana \u00a0chi vince qui\u00a0 entra nel giro dei grandi.\u00a0 Un esame di laurea che\u00a0 quest&#8217;anno,\u00a0nella 58\u00b0 edizione, metter\u00e0 di fronte due azzurri di primissimo piano<strong>: Daniele Meucci <\/strong>e<strong> Andrea\u00a0 Lalli.\u00a0<\/strong>Organizzato dalla <strong>Us Sangiorgese<\/strong> con il coordinamento speciale di\u00a0<strong>Sergio Meraviglia\u00a0<\/strong>e tappa del<strong>\u00a0Permits Meeting Iaaf\u00a0<\/strong>per la stagione 2014-2015. San Giorgio su Legnano ancora una volta sar\u00e0 per un giorno la capitale mondiale del cross<strong>. Ma, <\/strong>come spiega il\u00a0direttore tecnico<strong> Marcello Magnani <\/strong>quest&#8217;anno qualcosa \u00e8 cambiato\u201cAbbiamo programmato questa gara gi\u00e0 tre mesi fa. Abbiamo voluto dare un taglio col passato perch\u00e8 , non essendoci stati quest\u2019anno i mondiali di cross non avevamo medaglie \u2018fresche\u2019 da poter esibire, nel contempo ci siamo accorti che abbiamo in Italia atleti forti che possono dire la loro contro altrettanti atleti di qualit\u00e0 eccelsa provenienti da tutto il mondo. Sar\u00e0 un Campaccio attraente e spettacolare, tecnicamente valido e con una filosofia nuova e differente. Vogliamo che il pubblico si diverta e penso che con gli atleti che abbiamo ingaggiato in Italia non si sia mai visto un cross di tale spessore e caratura. E\u2019 risaputo, dati alla mano, che il Campaccio \u00e8 anche fra i primi tre cross del mondo\u201d. Quindi occhio ai due azzurri. \u00a0<strong>Daniele Meucci,\u00a0<\/strong> pisano Campione Europeo di Maratona 2014, ma anche bronzo europeo di cross individuale e a squadre a Budapest nel 2012, se la giocher\u00e0 con\u00a0<strong>Andrea Lalli,<\/strong>\u00a0un altro grande azzurro ora anche lui maratoneta ma in carriera ben tre volte medaglia d\u2019oro europea di cross. Daranno sicuramente spettacolo ma dovranno guardarsi le spalle da grandi campioni stranieri quali lo statunitense\u00a0<strong>Garrett Heath<\/strong>\u00a0vincitore del mitico cross di Edimburgo (4km) nel gennaio 2014 che vanta un personale di 13\u201916\u201d65 nei 5000 metri. Ancora nella start list il canadese\u00a0<strong>Mo Ahmed<\/strong>\u00a022\u00b0 negli ultimi campionati mondiali di cross e con primato sempre sui 5000 metri di 13\u201918\u201d88 e 9\u00b0 ai mondiali di atletica 2013 sui 10.000 metri. Completano la lista due polacchi specialisti dei 3000 siepi come\u00a0<strong>Krystian Zalewski<\/strong>\u00a0(5\u00b0 al Golden Gala 2014) ed il connazionale\u00a0<strong>Tomasz Szymkowiak<\/strong>\u00a0(4 agli Europei Barcellona 2010). Sar\u00e0 quindi una Befana\u00a0&#8221;\u00a0mondiale&#8221; che metter\u00e0 anche quest&#8217;anno\u00a0San Giorgio su Legnano in vetrina. Gloria meritata\u00a0\u00a0 anche se , soprattutto con le difficolt\u00e0 economiche degli ultimi anni, non \u00e8 sempre una strada in discesa.\u00a0 E diventa tutto sempre pi\u00f9 complicato\u201cAiutiamo la U.S. Sangiorgese come possiamo, cos\u00ec come le altre societ\u00e0 sportive sul territorio- spiega il sindaco <strong>\u00a0Walter Cecchin-<\/strong>Abbiamo 450 atleti che svolgono attivit\u00e0 sportiva, e cerchiamo sempre di fare il meglio possibile. Intanto quest&#8217;anno\u00a0 ho chiesto all\u2019Assessore <strong>AntonioRoss<\/strong>i che dal campo sportivo vengano tolte le reti di protezione. Desideriamo che il pubblico sia vicino agli atleti&#8230;\u201d. E il Campaccio si prepara a raccontare un&#8217; altra pagina della sua storia<\/p>\n","protected":false},"excerpt":{"rendered":"<p><p>E&#8217; come una\u00a0Roubaix . Il Campaccio sta all&#8217;atletica come i settori di pav\u00e8 che portano verso il mitico Velodrome stanno al ciclismo. Fatica, fango e gloria. Tanta gloria perch\u00e8 chi vince qui \u00e8 sempre un po&#8217; speciale. E da\u00a0Bordin a Panetta, da Ambu ad Arese, da Fava a Ortis fino a Tergat, Gebrselassie, la Radcliffe, Gabriella Dorio e Paola Pigni di qui sono passati un po\u2019 tutti e hanno scritto pagine che sono rimaste.\u00a0I mitici prati intorno allo stadio Angelo Alberti di San Giorgio su Legnano possono raccontare un lungo pezzo di storia del cross.\u00a0\u00a0Da pi\u00f9 di mezzo secolo nel [&hellip;]<\/p>\n&nbsp;&nbsp;<div class=\"readmore\"><a href=\"https:\/\/blog.ilgiornale.it\/ruzzo\/2014\/12\/18\/campaccio-la-roubaix-dellatletica\/\">Continua a leggere...<\/a><\/div><\/p>","protected":false},"author":956,"featured_media":0,"comment_status":"open","ping_status":"closed","sticky":false,"template":"","format":"standard","meta":[],"categories":[1],"tags":[],"_links":{"self":[{"href":"https:\/\/blog.ilgiornale.it\/ruzzo\/wp-json\/wp\/v2\/posts\/14600"}],"collection":[{"href":"https:\/\/blog.ilgiornale.it\/ruzzo\/wp-json\/wp\/v2\/posts"}],"about":[{"href":"https:\/\/blog.ilgiornale.it\/ruzzo\/wp-json\/wp\/v2\/types\/post"}],"author":[{"embeddable":true,"href":"https:\/\/blog.ilgiornale.it\/ruzzo\/wp-json\/wp\/v2\/users\/956"}],"replies":[{"embeddable":true,"href":"https:\/\/blog.ilgiornale.it\/ruzzo\/wp-json\/wp\/v2\/comments?post=14600"}],"version-history":[{"count":6,"href":"https:\/\/blog.ilgiornale.it\/ruzzo\/wp-json\/wp\/v2\/posts\/14600\/revisions"}],"predecessor-version":[{"id":14615,"href":"https:\/\/blog.ilgiornale.it\/ruzzo\/wp-json\/wp\/v2\/posts\/14600\/revisions\/14615"}],"wp:attachment":[{"href":"https:\/\/blog.ilgiornale.it\/ruzzo\/wp-json\/wp\/v2\/media?parent=14600"}],"wp:term":[{"taxonomy":"category","embeddable":true,"href":"https:\/\/blog.ilgiornale.it\/ruzzo\/wp-json\/wp\/v2\/categories?post=14600"},{"taxonomy":"post_tag","embeddable":true,"href":"https:\/\/blog.ilgiornale.it\/ruzzo\/wp-json\/wp\/v2\/tags?post=14600"}],"curies":[{"name":"wp","href":"https:\/\/api.w.org\/{rel}","templated":true}]}}