{"id":14606,"date":"2014-12-21T21:00:30","date_gmt":"2014-12-21T20:00:30","guid":{"rendered":"https:\/\/blog.ilgiornale.it\/ruzzo\/?p=14606"},"modified":"2014-12-21T21:04:48","modified_gmt":"2014-12-21T20:04:48","slug":"dopo-natale-e-san-silvestro-arriva-san-michele","status":"publish","type":"post","link":"https:\/\/blog.ilgiornale.it\/ruzzo\/2014\/12\/21\/dopo-natale-e-san-silvestro-arriva-san-michele\/","title":{"rendered":"Dopo Natale e San Silvestro arriva San Michele"},"content":{"rendered":"<p>C&#8217;\u00e8 chi corre anche a Natale. Auguri. E c&#8217;\u00e8 chi corre dopo Natale per smaltire pranzi, cene e panettoni. C&#8217;\u00e8 chi prima di San Silvestro, cadesse il mondo, si far\u00e0 l&#8217;ultima corsetta del 2014 e c&#8217;\u00e8 chi gi\u00e0 fa i programmi per il 2015. Ovviamente di corsa. E il prossimo anno, domenica 18 gennaio,\u00a0tra le gare da non perdere c&#8217;\u00e8 sicuramente il <strong>Giro del colle di San Michele<\/strong>. Un trail, una campestre, una corsa in montagna, da qualsiasi parte la si prenda\u00a0 \u00e8 una gara che vale la pena di correre. Si sarebbe dovuta correre il 30 novembre scorso in verit\u00e0 Ma il maltempo ha obbligato gli organizzatori ad alzare bandiera bianca e cos\u00ec sar\u00e0 tra le &lt;chicche&gt; di questo inizio 2015; nella sfortuna \u00e8 andata bene&#8230; Non \u00e8 una passeggiata.\u00a0 ma una corsa vera e\u00a0dura\u00a0per gente allenata soprattutto quest&#8217;anno dopo che l&#8217;<strong>\u00a0ASD Circuito Running<\/strong>\u00a0che la organizza, ha modificato e allungato i due tracciati da 14 e 27 chilometri.\u00a0\u00a0Il percorso, disegnato nei boschi alle spalle di Briga Novarese\u00a0 con sconfinamento su terreni dei comuni di Invorio e Borgomanero, \u00e8 di quelli che lasciano senza fiato, quasi completamente nei boschi con tanto single track, un continuo saliscendi e anche alcuni tratti su ciottolati e letti di torrenti.\u00a0Il ritrovo\u00a0 \u00e8 fissato come \u00a0al Centro Polifunzionale Prato delle Gere di Briga Novarese alle 9.30 del 18 mattina e tutte le informazioni si trovano sul sito (<a href=\"http:\/\/www.circuitorunning.it\/\">www.circuitorunning.it<\/a>). Ma c&#8217;\u00e8 ancora una novit\u00e0. Quest&#8217;anno, per chi \u00a0dopo il trail avesse ancora voglia di far fatica, si\u00a0 potr\u00e0 continuare in mountain bike facendo un secondo giro sullo stesso percorso da 27 chilometri. Un duathlon che varr\u00e0 anche per una classifica combinata data dalla somma dei tempi.\u00a0 Tanto per non farsi mancar nulla. E cominciar bene l&#8217;anno<\/p>\n","protected":false},"excerpt":{"rendered":"<p><p>C&#8217;\u00e8 chi corre anche a Natale. Auguri. E c&#8217;\u00e8 chi corre dopo Natale per smaltire pranzi, cene e panettoni. C&#8217;\u00e8 chi prima di San Silvestro, cadesse il mondo, si far\u00e0 l&#8217;ultima corsetta del 2014 e c&#8217;\u00e8 chi gi\u00e0 fa i programmi per il 2015. Ovviamente di corsa. E il prossimo anno, domenica 18 gennaio,\u00a0tra le gare da non perdere c&#8217;\u00e8 sicuramente il Giro del colle di San Michele. Un trail, una campestre, una corsa in montagna, da qualsiasi parte la si prenda\u00a0 \u00e8 una gara che vale la pena di correre. Si sarebbe dovuta correre il 30 novembre scorso in [&hellip;]<\/p>\n&nbsp;&nbsp;<div class=\"readmore\"><a href=\"https:\/\/blog.ilgiornale.it\/ruzzo\/2014\/12\/21\/dopo-natale-e-san-silvestro-arriva-san-michele\/\">Continua a leggere...<\/a><\/div><\/p>","protected":false},"author":956,"featured_media":0,"comment_status":"open","ping_status":"closed","sticky":false,"template":"","format":"standard","meta":[],"categories":[1],"tags":[],"_links":{"self":[{"href":"https:\/\/blog.ilgiornale.it\/ruzzo\/wp-json\/wp\/v2\/posts\/14606"}],"collection":[{"href":"https:\/\/blog.ilgiornale.it\/ruzzo\/wp-json\/wp\/v2\/posts"}],"about":[{"href":"https:\/\/blog.ilgiornale.it\/ruzzo\/wp-json\/wp\/v2\/types\/post"}],"author":[{"embeddable":true,"href":"https:\/\/blog.ilgiornale.it\/ruzzo\/wp-json\/wp\/v2\/users\/956"}],"replies":[{"embeddable":true,"href":"https:\/\/blog.ilgiornale.it\/ruzzo\/wp-json\/wp\/v2\/comments?post=14606"}],"version-history":[{"count":9,"href":"https:\/\/blog.ilgiornale.it\/ruzzo\/wp-json\/wp\/v2\/posts\/14606\/revisions"}],"predecessor-version":[{"id":14642,"href":"https:\/\/blog.ilgiornale.it\/ruzzo\/wp-json\/wp\/v2\/posts\/14606\/revisions\/14642"}],"wp:attachment":[{"href":"https:\/\/blog.ilgiornale.it\/ruzzo\/wp-json\/wp\/v2\/media?parent=14606"}],"wp:term":[{"taxonomy":"category","embeddable":true,"href":"https:\/\/blog.ilgiornale.it\/ruzzo\/wp-json\/wp\/v2\/categories?post=14606"},{"taxonomy":"post_tag","embeddable":true,"href":"https:\/\/blog.ilgiornale.it\/ruzzo\/wp-json\/wp\/v2\/tags?post=14606"}],"curies":[{"name":"wp","href":"https:\/\/api.w.org\/{rel}","templated":true}]}}