{"id":14644,"date":"2014-12-22T20:45:21","date_gmt":"2014-12-22T19:45:21","guid":{"rendered":"https:\/\/blog.ilgiornale.it\/ruzzo\/?p=14644"},"modified":"2014-12-22T20:45:21","modified_gmt":"2014-12-22T19:45:21","slug":"ironman-il-punto-di-vista-di-zanardi","status":"publish","type":"post","link":"https:\/\/blog.ilgiornale.it\/ruzzo\/2014\/12\/22\/ironman-il-punto-di-vista-di-zanardi\/","title":{"rendered":"Ironman, il punto di vista di Zanardi"},"content":{"rendered":"<p><a href=\"https:\/\/blog.ilgiornale.it\/ruzzo\/files\/2014\/12\/zana.jpg\"><img loading=\"lazy\" class=\"alignleft size-medium wp-image-14645\" src=\"https:\/\/blog.ilgiornale.it\/ruzzo\/files\/2014\/12\/zana-300x199.jpg\" alt=\"\" width=\"300\" height=\"199\" srcset=\"https:\/\/blog.ilgiornale.it\/ruzzo\/files\/2014\/12\/zana-300x199.jpg 300w, https:\/\/blog.ilgiornale.it\/ruzzo\/files\/2014\/12\/zana.jpg 839w\" sizes=\"(max-width: 300px) 100vw, 300px\" \/><\/a>Quando avevo incontrato <strong>Alex Zanardi<\/strong> in Gazzetta prima che partisse per il suo Ironman a <strong>Kona<\/strong> nelle <strong>Hawaii,<\/strong>tra le tante cose che aveva detto una mi aveva colpito pi\u00f9 di altre: &#8220;Ora\u00a0vedo le cose da un altro punto di vista&#8230;&#8221;. Un punto di vista privilegiato perch\u00e8 ( e lui lo ripete sempre) le difficolt\u00e0 quotidiane\u00a0di Zanardi, le occasioni, le chanche non sono le stesse delle persone che vivono\u00a0nelle sue \u00a0condizioni.\u00a0 Ma tant&#8217;\u00e8. \u00a0Zanardi per\u00f2 \u00e8 una iniezione di ottimismo incredibile per chiunque abbia la fortuna di incrociarlo. Ti smuove l&#8217;anima. E cos\u00ec il suo punto di vista diventa l&#8217;angolazione perfetta per capire quanto la forza di volont\u00e0, la convinzione, la caparbiet\u00e0 possano portarti dove neppure immagini.\u00a0 E&#8217; un attimo &#8220;fuggente&#8221;. Cominci ad ascoltarlo, ti rapisce e pochi secondi dopo sali in piedi sul banco di scuola\u00a0a osservare la vita con gli occhi del tuo nuovo &#8220;prof&#8221;. E la prospettiva cambia, cambiano molti \u00a0movimenti che dai per scontati, cambiano i dettagli.\u00a0 Ed \u00e8 un punto di vista\u00a0 fatto di immagini, emozioni, racconti\u00a0e\u00a0ricordi personali\u00a0quello che il campione bolognese racconter\u00e0 sugli schermi di <strong>Sky Sport 2<\/strong>\u00a0 il giorno di Natale all 19\u00a0 nello speciale <strong>&#8220;947 Uomo di Ferro&#8221;<\/strong> condotto da<strong> Giovanni Bruno. \u00a0<\/strong>Un lungo viaggio dallo\u00a0spaventoso incidente del 15 settembre 2001 su una monosposto della <strong>Formula Cart<\/strong> <strong>all&#8217;Ironman di Kona<\/strong>.\u00a0 C&#8217;\u00e8 tanto, tantissimo in mezzo.\u00a0E solo cos\u00ec \u00a04 chilometri di nuoto, 180 in bicicletta e 42 di corsa in 9 ore 47minuti e 14 secondi diventano un&#8217;impresa incredibile. Da\u00a0 tutti i punti di vista.<\/p>\n","protected":false},"excerpt":{"rendered":"<p><p>Quando avevo incontrato Alex Zanardi in Gazzetta prima che partisse per il suo Ironman a Kona nelle Hawaii,tra le tante cose che aveva detto una mi aveva colpito pi\u00f9 di altre: &#8220;Ora\u00a0vedo le cose da un altro punto di vista&#8230;&#8221;. Un punto di vista privilegiato perch\u00e8 ( e lui lo ripete sempre) le difficolt\u00e0 quotidiane\u00a0di Zanardi, le occasioni, le chanche non sono le stesse delle persone che vivono\u00a0nelle sue \u00a0condizioni.\u00a0 Ma tant&#8217;\u00e8. \u00a0Zanardi per\u00f2 \u00e8 una iniezione di ottimismo incredibile per chiunque abbia la fortuna di incrociarlo. Ti smuove l&#8217;anima. E cos\u00ec il suo punto di vista diventa l&#8217;angolazione perfetta [&hellip;]<\/p>\n&nbsp;&nbsp;<div class=\"readmore\"><a href=\"https:\/\/blog.ilgiornale.it\/ruzzo\/2014\/12\/22\/ironman-il-punto-di-vista-di-zanardi\/\">Continua a leggere...<\/a><\/div><\/p>","protected":false},"author":956,"featured_media":0,"comment_status":"open","ping_status":"closed","sticky":false,"template":"","format":"standard","meta":[],"categories":[1],"tags":[],"_links":{"self":[{"href":"https:\/\/blog.ilgiornale.it\/ruzzo\/wp-json\/wp\/v2\/posts\/14644"}],"collection":[{"href":"https:\/\/blog.ilgiornale.it\/ruzzo\/wp-json\/wp\/v2\/posts"}],"about":[{"href":"https:\/\/blog.ilgiornale.it\/ruzzo\/wp-json\/wp\/v2\/types\/post"}],"author":[{"embeddable":true,"href":"https:\/\/blog.ilgiornale.it\/ruzzo\/wp-json\/wp\/v2\/users\/956"}],"replies":[{"embeddable":true,"href":"https:\/\/blog.ilgiornale.it\/ruzzo\/wp-json\/wp\/v2\/comments?post=14644"}],"version-history":[{"count":5,"href":"https:\/\/blog.ilgiornale.it\/ruzzo\/wp-json\/wp\/v2\/posts\/14644\/revisions"}],"predecessor-version":[{"id":14650,"href":"https:\/\/blog.ilgiornale.it\/ruzzo\/wp-json\/wp\/v2\/posts\/14644\/revisions\/14650"}],"wp:attachment":[{"href":"https:\/\/blog.ilgiornale.it\/ruzzo\/wp-json\/wp\/v2\/media?parent=14644"}],"wp:term":[{"taxonomy":"category","embeddable":true,"href":"https:\/\/blog.ilgiornale.it\/ruzzo\/wp-json\/wp\/v2\/categories?post=14644"},{"taxonomy":"post_tag","embeddable":true,"href":"https:\/\/blog.ilgiornale.it\/ruzzo\/wp-json\/wp\/v2\/tags?post=14644"}],"curies":[{"name":"wp","href":"https:\/\/api.w.org\/{rel}","templated":true}]}}