{"id":14677,"date":"2014-12-27T18:58:12","date_gmt":"2014-12-27T17:58:12","guid":{"rendered":"https:\/\/blog.ilgiornale.it\/ruzzo\/?p=14677"},"modified":"2014-12-28T00:06:08","modified_gmt":"2014-12-27T23:06:08","slug":"quando-nello-sport-un-fontana-fa-per-quattro","status":"publish","type":"post","link":"https:\/\/blog.ilgiornale.it\/ruzzo\/2014\/12\/27\/quando-nello-sport-un-fontana-fa-per-quattro\/","title":{"rendered":"Quando nello sport un Fontana fa per quattro&#8230;"},"content":{"rendered":"<p><a href=\"https:\/\/blog.ilgiornale.it\/ruzzo\/files\/2014\/12\/fontana11.jpg\"><img loading=\"lazy\" class=\"alignleft size-thumbnail wp-image-14684\" src=\"https:\/\/blog.ilgiornale.it\/ruzzo\/files\/2014\/12\/fontana11-150x150.jpg\" alt=\"\" width=\"105\" height=\"105\" \/><\/a><a href=\"https:\/\/blog.ilgiornale.it\/ruzzo\/files\/2014\/12\/fontana21.jpg\"><img loading=\"lazy\" class=\"alignleft size-thumbnail wp-image-14685\" src=\"https:\/\/blog.ilgiornale.it\/ruzzo\/files\/2014\/12\/fontana21-150x150.jpg\" alt=\"\" width=\"105\" height=\"105\" \/><\/a><a href=\"https:\/\/blog.ilgiornale.it\/ruzzo\/files\/2014\/12\/fontana51.jpg\"><img loading=\"lazy\" class=\"alignleft size-thumbnail wp-image-14686\" src=\"https:\/\/blog.ilgiornale.it\/ruzzo\/files\/2014\/12\/fontana51-150x150.jpg\" alt=\"\" width=\"105\" height=\"105\" \/><\/a><a href=\"https:\/\/blog.ilgiornale.it\/ruzzo\/files\/2014\/12\/fontana31.jpg\"><img loading=\"lazy\" class=\"alignleft size-thumbnail wp-image-14687\" src=\"https:\/\/blog.ilgiornale.it\/ruzzo\/files\/2014\/12\/fontana31-150x150.jpg\" alt=\"\" width=\"105\" height=\"105\" \/><\/a>Sar\u00e0 un caso. O solo uno strano scherzo del\u00a0 destino\u00a0ma ci sono nomi che nello sport portano bene. O quantomeno ricorrono . Almeno in Lombardia.\u00a0 <strong>Marco Aurelio, Arianna, Daniel e Matteo<\/strong>\u00a0 di cognome fanno\u00a0 tutti <strong>Fontana. <\/strong>Sono lombardi di nascita\u00a0o di adozione, sono campioni di sport \u00a0e\u00a0 il loro 2014 sar\u00e0 un anno da ricordare. Chi pi\u00f9, chi meno\u00a0fanno discipline di fatica: mountainbike e ciclocross, short track, ironman e mezzo ironman e tutti e quattro in quest&#8217;anno che sta per finire hanno messo medaglie al collo e in bacheca trofei importanti.\u00a0 <strong>Marco Aurelio Fontana,<\/strong> bronzo ai Giochi di Londra dove arriv\u00f2 al traguardo senza la sella della sua mtb, ormai \u00e8 un big della specialit\u00e0 e uomo da battere in coppa del mondo.\u00a0Per il trentenne giussanese della Cannondale nel 2014 \u00e8 arrivata la conferma\u00a0tricolore nel cross country e il 2015 sar\u00e0 l&#8217;anno di lancio per le\u00a0Olimpiadi di Rio. Anche perch\u00e8 dopo Londra se\u00a0la sella in carbonio non\u00a0si spezza&#8230;<strong>\u00a0Arianna Fontana<\/strong> invece nel 2014 le olimpiadi le ha fatte. E si \u00e8 confermata una\u00a0delle azzurre pi\u00f9 forti ai Giochi di Sochi nel pattinaggio di velocit\u00e0.\u00a0 Dopo aver mancato la finale dei 1000 metri di un soffio la 24enne valtellinese \u00a0si \u00e8 messa \u00a0al collo l&#8217;argento sui 500 e il bronzo sui 1500. Non male, tant&#8217;\u00e8 che \u00e8 stata una delle reginette indiscusse della spedizione azzurra. \u00a0Dal ghiaccio all&#8217;Ironman il passo non \u00e8 brevissimo ma anche qui a dar lustro allo sport lombardo i <strong>Fontana<\/strong> sono due, entrambi in gara con i colori della<strong> DDs di Settimo Milanese<\/strong>. <strong>Daniel, <\/strong>38 anni nato in Patagonia ma di origini italiane, \u00e8 un pezzo di storia del triathlon. Due volte olimpico con Argentina e Italia, quest&#8217;anno ha vinto l&#8217;Ironman di Los Cabos in Messico ed \u00e8 stato il primo atleta azzurro a riuscire in un&#8217;impresa simile. <em>Chapeau!<\/em> <strong>Matteo<\/strong> \u00e8 invece colui che da Daniel prender\u00e0 con ogni probabilit\u00e0 \u00a0il testimone in queste gare di lunghissima distanza. Ventidue anni di Carate Brianza \u00a0si \u00e8 laureato quest&#8217;anno in Canada a Mont Tremblant\u00a0 campione del Mondo di triathlon\u00a0 sulla distanza 70.3 nella sua categoria. Una promessa che per\u00f2 tanto promessa non \u00e8. E infatti gi\u00e0 cominciano a chiedergli gli autografi anche se lui resta ben piantato per terra: &#8221; Li chiedono a me?\u00a0NOn credo&#8230;Sono convinti di chiederli a Daniel&#8230;&#8221;<\/p>\n","protected":false},"excerpt":{"rendered":"<p><p>Sar\u00e0 un caso. O solo uno strano scherzo del\u00a0 destino\u00a0ma ci sono nomi che nello sport portano bene. O quantomeno ricorrono . Almeno in Lombardia.\u00a0 Marco Aurelio, Arianna, Daniel e Matteo\u00a0 di cognome fanno\u00a0 tutti Fontana. Sono lombardi di nascita\u00a0o di adozione, sono campioni di sport \u00a0e\u00a0 il loro 2014 sar\u00e0 un anno da ricordare. Chi pi\u00f9, chi meno\u00a0fanno discipline di fatica: mountainbike e ciclocross, short track, ironman e mezzo ironman e tutti e quattro in quest&#8217;anno che sta per finire hanno messo medaglie al collo e in bacheca trofei importanti.\u00a0 Marco Aurelio Fontana, bronzo ai Giochi di Londra dove [&hellip;]<\/p>\n&nbsp;&nbsp;<div class=\"readmore\"><a href=\"https:\/\/blog.ilgiornale.it\/ruzzo\/2014\/12\/27\/quando-nello-sport-un-fontana-fa-per-quattro\/\">Continua a leggere...<\/a><\/div><\/p>","protected":false},"author":956,"featured_media":0,"comment_status":"open","ping_status":"closed","sticky":false,"template":"","format":"standard","meta":[],"categories":[1],"tags":[],"_links":{"self":[{"href":"https:\/\/blog.ilgiornale.it\/ruzzo\/wp-json\/wp\/v2\/posts\/14677"}],"collection":[{"href":"https:\/\/blog.ilgiornale.it\/ruzzo\/wp-json\/wp\/v2\/posts"}],"about":[{"href":"https:\/\/blog.ilgiornale.it\/ruzzo\/wp-json\/wp\/v2\/types\/post"}],"author":[{"embeddable":true,"href":"https:\/\/blog.ilgiornale.it\/ruzzo\/wp-json\/wp\/v2\/users\/956"}],"replies":[{"embeddable":true,"href":"https:\/\/blog.ilgiornale.it\/ruzzo\/wp-json\/wp\/v2\/comments?post=14677"}],"version-history":[{"count":19,"href":"https:\/\/blog.ilgiornale.it\/ruzzo\/wp-json\/wp\/v2\/posts\/14677\/revisions"}],"predecessor-version":[{"id":14705,"href":"https:\/\/blog.ilgiornale.it\/ruzzo\/wp-json\/wp\/v2\/posts\/14677\/revisions\/14705"}],"wp:attachment":[{"href":"https:\/\/blog.ilgiornale.it\/ruzzo\/wp-json\/wp\/v2\/media?parent=14677"}],"wp:term":[{"taxonomy":"category","embeddable":true,"href":"https:\/\/blog.ilgiornale.it\/ruzzo\/wp-json\/wp\/v2\/categories?post=14677"},{"taxonomy":"post_tag","embeddable":true,"href":"https:\/\/blog.ilgiornale.it\/ruzzo\/wp-json\/wp\/v2\/tags?post=14677"}],"curies":[{"name":"wp","href":"https:\/\/api.w.org\/{rel}","templated":true}]}}