{"id":14944,"date":"2015-01-21T19:23:59","date_gmt":"2015-01-21T18:23:59","guid":{"rendered":"https:\/\/blog.ilgiornale.it\/ruzzo\/?p=14944"},"modified":"2015-01-21T19:59:23","modified_gmt":"2015-01-21T18:59:23","slug":"olimpiadi-2014-facite-ammuina","status":"publish","type":"post","link":"https:\/\/blog.ilgiornale.it\/ruzzo\/2015\/01\/21\/olimpiadi-2014-facite-ammuina\/","title":{"rendered":"Olimpiadi 2024? &#8220;Facite ammuina&#8230;&#8221;"},"content":{"rendered":"<p><a href=\"https:\/\/blog.ilgiornale.it\/ruzzo\/files\/2015\/01\/A_DAVOS_.jpg\"><img loading=\"lazy\" class=\"alignleft size-medium wp-image-14946\" src=\"https:\/\/blog.ilgiornale.it\/ruzzo\/files\/2015\/01\/A_DAVOS_-249x300.jpg\" alt=\"\" width=\"249\" height=\"300\" srcset=\"https:\/\/blog.ilgiornale.it\/ruzzo\/files\/2015\/01\/A_DAVOS_-249x300.jpg 249w, https:\/\/blog.ilgiornale.it\/ruzzo\/files\/2015\/01\/A_DAVOS_-850x1024.jpg 850w\" sizes=\"(max-width: 249px) 100vw, 249px\" \/><\/a>\u00abI presupposti\u00a0sono completamente diversi rispetto ad esperienze del passato. Noi abbiamo il dovere di dare una speranza diversa all\u2019Italia. Come ho sempre sostenuto, non solo il nostro mondo ma tutto il Paese ha bisogno di una ventata di ottimismo e i giovani hanno bisogno di sognare&#8230;\u00bb. Cos\u00ec parl\u00f2 <strong>Giovanni Malag\u00f2, <\/strong>presidente del Coni<strong>, <\/strong>\u00a0che oggi a Davos in Svizzera ha incontrato con il premier <strong>Matteo Renzi\u00a0<\/strong>il presidente del Cio ( il Comitato olimpico internazionale) \u00a0<strong>Thomas Bach<\/strong> in merito alla candidatura di Roma per le Olimpiadi del 2024. Senza voler mancare di rispetto a nessuno ma\u00a0torna alla mente\u00a0 &#8220;<strong>Crozza nel Paese delle Meraviglie&#8221;, <\/strong>una di quelle puntate dove,<strong>\u00a0<\/strong>alle spalle del cominco genovese\u00a0\u00a0travestito da presidente del consiglio, scorrono le scritte in azzurro del &#8220;fare&#8221; e del &#8220;sognare&#8221;. Verbi ricorrenti\u00a0negli ultimi tempi. Che Malag\u00f2 i coniuga con sapienza, perfettamente allineato al nuovo refrain. Cosi scopri che i Giochi del 2024\u00a0(se mai saranno) saranno &#8220;low cost&#8221;, &#8220;ispirati a criteri tutti nuovi mai visti in Italia&#8221; e soprattutto &#8220;saranno un rivoluzione perch\u00e8\u00a0sono i presupposti ad essere diversi rispetto alle esperienze del passato&#8221;. Poi per\u00f2 sfogli la <strong>Repubblica<\/strong> e a pagina\u00a0 56 e trovi la conferma a ci\u00f2 che gi\u00e0 qualche mese fa si diceva e si scriveva. E cio\u00e8 che il presidente\u00a0 del Comitato olimpico italiano sar\u00e0 <strong>Luca Cordero di Montezemolo<\/strong>,\u00a0\u00a0 presidente di Alitalia e\u00a0 probabile consigliere strategico del governo Renzi per l&#8217;attrazione degli investimenti esteri.\u00a0 Nulla di personale. Per\u00f2 si fa un po&#8217; fatica a comprendere quale sia il senso di questa rivoluzione. E il cerchio si chiude col sospetto\u00a0 che tutto questo cambiamento sia pi\u00f9 simile a una &lt;ammuina&gt;\u00a0 come si diceva una volta\u00a0 sulle navi della Real marina Borbonica. E cos\u00ec pi\u00f9 che a <strong>Crozza<\/strong> pensi all&#8217;editto di <strong>Franceschiello<\/strong>, quello\u00a0che nell&#8217; anno 1841 fissava il comportamento\u00a0(finto) da tenere durante le ispezioni delle autorit\u00e0: \u00abAll&#8217;ordine &#8220;facite ammuina&#8221; tutti coloro che sono a prua vadano a poppa e quelli che sono a poppa vadano a prua; quelli che sono a dritta vadano babordo e quelli che stanno a babordo vadano a dritta; tutti quelli che sono sottocoperta salgano sul ponte e quelli che sono sul ponte scendano sottocoperta; chi non ha nulla da fare, si agiti di qua e di l\u00e0\u00bb. Ma \u00e8 chiaro che adesso non \u00e8 pi\u00f9 cos\u00ec. O no?<\/p>\n","protected":false},"excerpt":{"rendered":"<p><p>\u00abI presupposti\u00a0sono completamente diversi rispetto ad esperienze del passato. Noi abbiamo il dovere di dare una speranza diversa all\u2019Italia. Come ho sempre sostenuto, non solo il nostro mondo ma tutto il Paese ha bisogno di una ventata di ottimismo e i giovani hanno bisogno di sognare&#8230;\u00bb. Cos\u00ec parl\u00f2 Giovanni Malag\u00f2, presidente del Coni, \u00a0che oggi a Davos in Svizzera ha incontrato con il premier Matteo Renzi\u00a0il presidente del Cio ( il Comitato olimpico internazionale) \u00a0Thomas Bach in merito alla candidatura di Roma per le Olimpiadi del 2024. Senza voler mancare di rispetto a nessuno ma\u00a0torna alla mente\u00a0 &#8220;Crozza nel Paese [&hellip;]<\/p>\n&nbsp;&nbsp;<div class=\"readmore\"><a href=\"https:\/\/blog.ilgiornale.it\/ruzzo\/2015\/01\/21\/olimpiadi-2014-facite-ammuina\/\">Continua a leggere...<\/a><\/div><\/p>","protected":false},"author":956,"featured_media":0,"comment_status":"open","ping_status":"closed","sticky":false,"template":"","format":"standard","meta":[],"categories":[1],"tags":[],"_links":{"self":[{"href":"https:\/\/blog.ilgiornale.it\/ruzzo\/wp-json\/wp\/v2\/posts\/14944"}],"collection":[{"href":"https:\/\/blog.ilgiornale.it\/ruzzo\/wp-json\/wp\/v2\/posts"}],"about":[{"href":"https:\/\/blog.ilgiornale.it\/ruzzo\/wp-json\/wp\/v2\/types\/post"}],"author":[{"embeddable":true,"href":"https:\/\/blog.ilgiornale.it\/ruzzo\/wp-json\/wp\/v2\/users\/956"}],"replies":[{"embeddable":true,"href":"https:\/\/blog.ilgiornale.it\/ruzzo\/wp-json\/wp\/v2\/comments?post=14944"}],"version-history":[{"count":8,"href":"https:\/\/blog.ilgiornale.it\/ruzzo\/wp-json\/wp\/v2\/posts\/14944\/revisions"}],"predecessor-version":[{"id":14956,"href":"https:\/\/blog.ilgiornale.it\/ruzzo\/wp-json\/wp\/v2\/posts\/14944\/revisions\/14956"}],"wp:attachment":[{"href":"https:\/\/blog.ilgiornale.it\/ruzzo\/wp-json\/wp\/v2\/media?parent=14944"}],"wp:term":[{"taxonomy":"category","embeddable":true,"href":"https:\/\/blog.ilgiornale.it\/ruzzo\/wp-json\/wp\/v2\/categories?post=14944"},{"taxonomy":"post_tag","embeddable":true,"href":"https:\/\/blog.ilgiornale.it\/ruzzo\/wp-json\/wp\/v2\/tags?post=14944"}],"curies":[{"name":"wp","href":"https:\/\/api.w.org\/{rel}","templated":true}]}}