{"id":155,"date":"2010-01-11T16:37:48","date_gmt":"2010-01-11T15:37:48","guid":{"rendered":"https:\/\/blog.ilgiornale.it\/ruzzo\/2010\/01\/11\/milanocitymarathon-2500-iscritti-a-tre-mesi-dal-via\/"},"modified":"2010-01-11T16:44:24","modified_gmt":"2010-01-11T15:44:24","slug":"milanocitymarathon-2500-iscritti-a-tre-mesi-dal-via","status":"publish","type":"post","link":"https:\/\/blog.ilgiornale.it\/ruzzo\/2010\/01\/11\/milanocitymarathon-2500-iscritti-a-tre-mesi-dal-via\/","title":{"rendered":"Milanocitymarathon: 2500 iscritti a tre mesi dal via"},"content":{"rendered":"<p><span>La maratona di Milano c&#8217;\u00e8 e batte un colpo. Mi \u00e8 arrivato sulla scrivania il comunicato stampa dell&#8217;organizzazione e devo dire che in qualche modo mi ha sopreso: a tre mesi esatti dal via le iscrizioni hanno superato quota 2500 iscritti. Non \u00e8 un &lt;boom&gt; ma neppure il &lt;flop&gt; tanto temuto o sperato, dipende dai punti di vista. Obbiettivamente 2.500 iscritti non sono\u00a0 pochi soprattutto se si considera la storia un po&#8217; tormentata di questa gara e\u00a0tutte le polemiche che sono seguite allo spostamento della data di quest&#8217;anno.\u00a0 <\/span><span>Ci\u00f2 che pi\u00f9 conforta gli organizzatori \u00e8 anche il numero dei paesi di provenienza degli iscritti: ben 36 nazioni, di cui 13 extraeuropee, a conferma delle potenzialit\u00e0 che una citt\u00e0 come Milano conserva nonostante tutto. Un altro dato significativo arriva dall&#8217;<\/span><span>\u2019introduzione della staffetta: oltre 20 squadre gi\u00e0 iscritte e tutto lascia supporre che proprio da qui arriveranno al momento della chiusura delle iscrizioni i risultati pi\u00f9 sorprendenti.\u00a0 Infine il nuovo tracciato. C<\/span><span>ontinua\u00a0 il lavoro degli organizzatori per la messa a punto definitiva\u00a0 del percorso che quest\u2019anno prender\u00e0 il via dal polo fieristico di Rho; dal canto suo l\u2019Assessorato alle attivit\u00e0 produttive sta definendo il programma degli eventi collaterali che legheranno la nuova Maratona di Milano alla Settimana Internazionale del Design che si svolger\u00e0 proprio in quei giorni nel capoluogo milanese.<\/span><span>\u00a0In bocca al lupo.<\/span><\/p>\n","protected":false},"excerpt":{"rendered":"<p><p>La maratona di Milano c&#8217;\u00e8 e batte un colpo. Mi \u00e8 arrivato sulla scrivania il comunicato stampa dell&#8217;organizzazione e devo dire che in qualche modo mi ha sopreso: a tre mesi esatti dal via le iscrizioni hanno superato quota 2500 iscritti. Non \u00e8 un &lt;boom&gt; ma neppure il &lt;flop&gt; tanto temuto o sperato, dipende dai punti di vista. Obbiettivamente 2.500 iscritti non sono\u00a0 pochi soprattutto se si considera la storia un po&#8217; tormentata di questa gara e\u00a0tutte le polemiche che sono seguite allo spostamento della data di quest&#8217;anno.\u00a0 Ci\u00f2 che pi\u00f9 conforta gli organizzatori \u00e8 anche il numero dei paesi [&hellip;]<\/p>\n&nbsp;&nbsp;<div class=\"readmore\"><a href=\"https:\/\/blog.ilgiornale.it\/ruzzo\/2010\/01\/11\/milanocitymarathon-2500-iscritti-a-tre-mesi-dal-via\/\">Continua a leggere...<\/a><\/div><\/p>","protected":false},"author":956,"featured_media":0,"comment_status":"open","ping_status":"closed","sticky":false,"template":"","format":"standard","meta":[],"categories":[1],"tags":[],"_links":{"self":[{"href":"https:\/\/blog.ilgiornale.it\/ruzzo\/wp-json\/wp\/v2\/posts\/155"}],"collection":[{"href":"https:\/\/blog.ilgiornale.it\/ruzzo\/wp-json\/wp\/v2\/posts"}],"about":[{"href":"https:\/\/blog.ilgiornale.it\/ruzzo\/wp-json\/wp\/v2\/types\/post"}],"author":[{"embeddable":true,"href":"https:\/\/blog.ilgiornale.it\/ruzzo\/wp-json\/wp\/v2\/users\/956"}],"replies":[{"embeddable":true,"href":"https:\/\/blog.ilgiornale.it\/ruzzo\/wp-json\/wp\/v2\/comments?post=155"}],"version-history":[{"count":0,"href":"https:\/\/blog.ilgiornale.it\/ruzzo\/wp-json\/wp\/v2\/posts\/155\/revisions"}],"wp:attachment":[{"href":"https:\/\/blog.ilgiornale.it\/ruzzo\/wp-json\/wp\/v2\/media?parent=155"}],"wp:term":[{"taxonomy":"category","embeddable":true,"href":"https:\/\/blog.ilgiornale.it\/ruzzo\/wp-json\/wp\/v2\/categories?post=155"},{"taxonomy":"post_tag","embeddable":true,"href":"https:\/\/blog.ilgiornale.it\/ruzzo\/wp-json\/wp\/v2\/tags?post=155"}],"curies":[{"name":"wp","href":"https:\/\/api.w.org\/{rel}","templated":true}]}}