{"id":156,"date":"2010-01-13T15:19:49","date_gmt":"2010-01-13T14:19:49","guid":{"rendered":"https:\/\/blog.ilgiornale.it\/ruzzo\/2010\/01\/13\/maratone-ecco-la-top-ten-italiana\/"},"modified":"2010-01-13T15:43:25","modified_gmt":"2010-01-13T14:43:25","slug":"maratone-ecco-la-top-ten-italiana","status":"publish","type":"post","link":"https:\/\/blog.ilgiornale.it\/ruzzo\/2010\/01\/13\/maratone-ecco-la-top-ten-italiana\/","title":{"rendered":"Maratone: ecco la top ten italiana"},"content":{"rendered":"<p>Visto che due giorni fa\u00a0 per la maratona di Milano abbiamo parlato di iscritti e di numeri, continuiamo. E&#8217; l&#8217;inizio dell&#8217;anno\u00a0 quindi pu\u00f2 essere l&#8217;occasione giusta per fare un po&#8217; il bilancio delle grandi manifestazioni e &lt;tastare&gt; il polso al movimento. Diciamo subito che, anche se non abbiamo pi\u00f9 grandi campioni che fanno da traino, male non va.\u00a0\u00a0Cresce il numero dei maratoneti italiani e , con qualche eccezione, crescono gli iscritti alle gare pi\u00f9 importanti. Lo scorso anno Roma, Firenze e Venezia ( le prime tre della lista) hanno tutte fatto segnare un incremento delle iscrizioni e degli atleti che hanno tagliato il traguardo: 11.009 nelle capitale, 8.170 nel capoluogo toscano e 5541 nella Serenissima. La Citt\u00e0 Nobile, come l&#8217;aveva soprannominata Dante, \u00e8 quella che ha fatto registrare il maggior exploit incrementando di oltre mille gli atleti al traguardo e\u00a0 questo per due motivi: il cambio di data di Milano e l&#8217;ottima politica organizzativa che ha fatto letteralmente decollare la gara fiorentina. Le uniche due quarantadue chilometri in flessione nella top ten sono Treviso e Carpi. Milano per quest&#8217;anno \u00e8 fuori dai giochi perch\u00e8 non si \u00e8 corsa, se ne riparla il prossimo anno\u00a0<\/p>\n<ul>\n<li>\n<p align=\"left\"><em><strong>LA TOP TEN<br \/>\n(atleti al traguardo)<\/strong><\/em>\u00a0\u00a0\u00a0\u00a0<br \/>\n<strong>ROMA\u00a0\u00a0\u00a0\u00a0\u00a0\u00a0\u00a0\u00a0\u00a0\u00a0\u00a0\u00a0\u00a0\u00a0\u00a0\u00a0\u00a0\u00a0\u00a0\u00a0\u00a0\u00a0\u00a0\u00a0\u00a0\u00a0\u00a0\u00a0\u00a011.009\u00a0\u00a0<br \/>\nFIRENZE\u00a0\u00a0\u00a0\u00a0\u00a0\u00a0\u00a0\u00a0\u00a0\u00a0\u00a0\u00a0\u00a0\u00a0\u00a0\u00a0\u00a0\u00a0\u00a0\u00a0\u00a0\u00a0\u00a0\u00a0 8.170<br \/>\nVENEZIA\u00a0\u00a0\u00a0\u00a0\u00a0\u00a0\u00a0\u00a0\u00a0\u00a0\u00a0\u00a0\u00a0\u00a0\u00a0\u00a0\u00a0\u00a0\u00a0\u00a0\u00a0 \u00a0\u00a0 5.541<br \/>\nTREVISO\u00a0\u00a0\u00a0\u00a0\u00a0\u00a0\u00a0\u00a0\u00a0\u00a0\u00a0\u00a0\u00a0\u00a0\u00a0\u00a0\u00a0\u00a0\u00a0\u00a0\u00a0\u00a0\u00a0\u00a0 2.858<br \/>\nREGGIO EMILIA\u00a0\u00a0 \u00a0\u00a0\u00a0\u00a0\u00a0\u00a0 2.453<br \/>\nPADOVA\u00a0\u00a0\u00a0\u00a0\u00a0\u00a0\u00a0\u00a0\u00a0\u00a0\u00a0\u00a0\u00a0\u00a0\u00a0\u00a0\u00a0\u00a0\u00a0\u00a0\u00a0\u00a0\u00a0\u00a0\u00a0\u00a0 2.148<br \/>\nTORINO\u00a0\u00a0\u00a0\u00a0\u00a0\u00a0\u00a0\u00a0\u00a0\u00a0\u00a0\u00a0\u00a0\u00a0\u00a0\u00a0\u00a0\u00a0\u00a0\u00a0\u00a0\u00a0\u00a0\u00a0\u00a0\u00a0 1.649<br \/>\nGARDA\u00a0\u00a0\u00a0\u00a0\u00a0\u00a0\u00a0\u00a0\u00a0\u00a0\u00a0\u00a0\u00a0\u00a0\u00a0\u00a0\u00a0\u00a0\u00a0\u00a0\u00a0\u00a0\u00a0\u00a0\u00a0\u00a0\u00a0\u00a0 1.550<br \/>\nVERONA\u00a0\u00a0\u00a0\u00a0\u00a0\u00a0\u00a0\u00a0\u00a0\u00a0\u00a0\u00a0\u00a0\u00a0\u00a0\u00a0\u00a0\u00a0\u00a0\u00a0\u00a0\u00a0\u00a0\u00a0\u00a0\u00a0\u00a0\u00a0 956<br \/>\nCARPI\u00a0\u00a0\u00a0\u00a0\u00a0\u00a0\u00a0\u00a0\u00a0\u00a0\u00a0\u00a0\u00a0\u00a0\u00a0\u00a0\u00a0\u00a0\u00a0\u00a0\u00a0\u00a0\u00a0\u00a0\u00a0\u00a0\u00a0\u00a0\u00a0\u00a0\u00a0\u00a0\u00a0 926\u00a0<\/strong><\/li>\n<\/ul>\n","protected":false},"excerpt":{"rendered":"<p><p>Visto che due giorni fa\u00a0 per la maratona di Milano abbiamo parlato di iscritti e di numeri, continuiamo. E&#8217; l&#8217;inizio dell&#8217;anno\u00a0 quindi pu\u00f2 essere l&#8217;occasione giusta per fare un po&#8217; il bilancio delle grandi manifestazioni e &lt;tastare&gt; il polso al movimento. Diciamo subito che, anche se non abbiamo pi\u00f9 grandi campioni che fanno da traino, male non va.\u00a0\u00a0Cresce il numero dei maratoneti italiani e , con qualche eccezione, crescono gli iscritti alle gare pi\u00f9 importanti. Lo scorso anno Roma, Firenze e Venezia ( le prime tre della lista) hanno tutte fatto segnare un incremento delle iscrizioni e degli atleti che [&hellip;]<\/p>\n&nbsp;&nbsp;<div class=\"readmore\"><a href=\"https:\/\/blog.ilgiornale.it\/ruzzo\/2010\/01\/13\/maratone-ecco-la-top-ten-italiana\/\">Continua a leggere...<\/a><\/div><\/p>","protected":false},"author":956,"featured_media":0,"comment_status":"open","ping_status":"closed","sticky":false,"template":"","format":"standard","meta":[],"categories":[1],"tags":[],"_links":{"self":[{"href":"https:\/\/blog.ilgiornale.it\/ruzzo\/wp-json\/wp\/v2\/posts\/156"}],"collection":[{"href":"https:\/\/blog.ilgiornale.it\/ruzzo\/wp-json\/wp\/v2\/posts"}],"about":[{"href":"https:\/\/blog.ilgiornale.it\/ruzzo\/wp-json\/wp\/v2\/types\/post"}],"author":[{"embeddable":true,"href":"https:\/\/blog.ilgiornale.it\/ruzzo\/wp-json\/wp\/v2\/users\/956"}],"replies":[{"embeddable":true,"href":"https:\/\/blog.ilgiornale.it\/ruzzo\/wp-json\/wp\/v2\/comments?post=156"}],"version-history":[{"count":0,"href":"https:\/\/blog.ilgiornale.it\/ruzzo\/wp-json\/wp\/v2\/posts\/156\/revisions"}],"wp:attachment":[{"href":"https:\/\/blog.ilgiornale.it\/ruzzo\/wp-json\/wp\/v2\/media?parent=156"}],"wp:term":[{"taxonomy":"category","embeddable":true,"href":"https:\/\/blog.ilgiornale.it\/ruzzo\/wp-json\/wp\/v2\/categories?post=156"},{"taxonomy":"post_tag","embeddable":true,"href":"https:\/\/blog.ilgiornale.it\/ruzzo\/wp-json\/wp\/v2\/tags?post=156"}],"curies":[{"name":"wp","href":"https:\/\/api.w.org\/{rel}","templated":true}]}}