{"id":159,"date":"2010-01-15T15:56:31","date_gmt":"2010-01-15T14:56:31","guid":{"rendered":"https:\/\/blog.ilgiornale.it\/ruzzo\/2010\/01\/15\/mezze-maratone-milano-e-vigevano-in-rotta-di-collisione\/"},"modified":"2010-01-15T17:47:45","modified_gmt":"2010-01-15T16:47:45","slug":"mezze-maratone-milano-e-vigevano-in-rotta-di-collisione","status":"publish","type":"post","link":"https:\/\/blog.ilgiornale.it\/ruzzo\/2010\/01\/15\/mezze-maratone-milano-e-vigevano-in-rotta-di-collisione\/","title":{"rendered":"Mezze maratone: scintille tra Milano, Vigevano e Seregno"},"content":{"rendered":"<p>[photopress:strami_1.jpg,full,alignright]Lo spostamento di data della Stramilano\u00a0non sar\u00e0 indolore. Non lo\u00a0sar\u00e0 per chi\u00a0aveva messo in calendario la mezza milanese e si era organizzzato per tempo la trasferta con voli\u00a0 e hotel, non lo sar\u00e0 per chi magari pensava di correre dopo aver fatto Roma per smaltire un po&#8217; di fatica e non lo sar\u00e0 neppure per\u00a0gli organizzatori di altre gare che\u00a0si erano posizionati una settimana prima per evitare pericolose sovrapposizioni di date. La Stramilano \u00e8\u00a0una delle &lt;classiche&gt; pi\u00f9 affascinanti nel panorama podistico italiano ed \u00e8 chiaro che averla come concorrente non fa piacere a nessuno. Cos\u00ec capita che altre classiche lombarde come la maratona di Seregno ( ma ci sono anche la 100km e 21) e la\u00a0 &lt;Scarpa d&#8217;oro&gt; , la mezza che si corre domenica\u00a021 marzo\u00a0 Vigevano,\u00a0 si ritrovino\u00a0ora concomitanti con Milano con tutto ci\u00f2 che ne consegue. Per gli organizzatori\u00a0quella di ieri non \u00e8\u00a0stata una bella notizia e non poteva essere altrimenti. Di seguito la lettera-comunicato che\u00a0ha scritto la responsabile dello staff vigevanese.<font size=\"2\" face=\"Arial\">\u00a0<\/font><\/p>\n<p><font size=\"2\" face=\"Arial\"><em>Ho appreso con sommo disappunto, la notizia che la Stramilano ha deciso di spostarsi nel calendario dal 28 al 21 marzo, giorno in cui a Vigevano organizzeremo la IV Scarpa d\u2019Oro Half Marathon. Sono negativamente stupita dal fatto che organizzatori esperti come quelli della Stramilano siano venuti a conoscenza solo in questi giorni, dopo che la data della concomitanza con le Elezioni Regionali era stata fissata sin dalla fine di ottobre, del divieto dello svolgimento della manifestazione da parte della Prefettura di Milano. Nel mio piccolo io ad ottobre, quando le papabili date per le elezioni oscillavano tra il 21 e il 28 marzo, mi ero subito informata con la prefettura della mia provincia e subito avevo capito che certe date sarebbero state impossibili. Ricordo inoltre che la stessa Maratona di Roma si era spostata temporaneamente dal 21 al 14 marzo proprio perch\u00e9 la Prefettura non le dava garanzie per il 21. All\u2019epoca c\u2019era il tempo e lo spazio per modificare il calendario senza \u2018farsi troppo male\u2019 e anch\u2019io mi sarei adeguata alle loro esigenze. Ma la risposta che mi fu data dagli organizzatori milanesi era stata molto ottimista: pi\u00f9 volte mi rassicurarono che sarebbero riusciti a mantenere la data del 28 marzo nonostante la tornata elettorale. Da ieri, invece, la realt\u00e0 \u00e8 un\u2019altra: la Stramilano cambia data e si sposta al 21 marzo, stesso giorno nostro e addirittura della Maratona di Roma, lasciando nello sgomento la sottoscritta e tutto il suo staff che da mesi sta investendo risorse ed energie per confezionare una gara di grande qualit\u00e0, ma che da oggi vivr\u00e0 nell\u2019incubo dell\u2019incertezza. Stigmatizzando il comportamento degli organizzatori della Stramilano, concludo gridando il mio sdegno anche verso una Federazione Italiana di Atletica Leggera che esige tasse gare, richiede tempi stretti per depositare una data in calendario e poi invece permette un cambio data repentino, non tutelando chi ha seguito l\u2019iter istituzionale come da copione e adesso si trova ad affrontare un danno economico non indifferente. A me chi risarcisce le colpe d\u2019altri? La comica finale \u00e8 che poi nello stesso giorno si svolgeranno la maratona e una delle mezze maratone pi\u00f9 partecipate d\u2019Italia. Non oso immaginare cosa potr\u00e0 pensare di noi la stampa straniera e gli stessi atleti. <\/em><\/font><em><font size=\"2\"><font face=\"Arial\"><br \/>\nManuela Merlo<br \/>\nResponsabile Organizzativo<\/font><\/font><br \/>\n<\/em><font size=\"2\" face=\"Times New Roman\"><br \/>\n<\/font><font size=\"1\" face=\"Monaco\"><br \/>\n<\/font><\/p>\n","protected":false},"excerpt":{"rendered":"<p><p>[photopress:strami_1.jpg,full,alignright]Lo spostamento di data della Stramilano\u00a0non sar\u00e0 indolore. Non lo\u00a0sar\u00e0 per chi\u00a0aveva messo in calendario la mezza milanese e si era organizzzato per tempo la trasferta con voli\u00a0 e hotel, non lo sar\u00e0 per chi magari pensava di correre dopo aver fatto Roma per smaltire un po&#8217; di fatica e non lo sar\u00e0 neppure per\u00a0gli organizzatori di altre gare che\u00a0si erano posizionati una settimana prima per evitare pericolose sovrapposizioni di date. La Stramilano \u00e8\u00a0una delle &lt;classiche&gt; pi\u00f9 affascinanti nel panorama podistico italiano ed \u00e8 chiaro che averla come concorrente non fa piacere a nessuno. Cos\u00ec capita che altre classiche lombarde [&hellip;]<\/p>\n&nbsp;&nbsp;<div class=\"readmore\"><a href=\"https:\/\/blog.ilgiornale.it\/ruzzo\/2010\/01\/15\/mezze-maratone-milano-e-vigevano-in-rotta-di-collisione\/\">Continua a leggere...<\/a><\/div><\/p>","protected":false},"author":956,"featured_media":0,"comment_status":"open","ping_status":"closed","sticky":false,"template":"","format":"standard","meta":[],"categories":[1],"tags":[],"_links":{"self":[{"href":"https:\/\/blog.ilgiornale.it\/ruzzo\/wp-json\/wp\/v2\/posts\/159"}],"collection":[{"href":"https:\/\/blog.ilgiornale.it\/ruzzo\/wp-json\/wp\/v2\/posts"}],"about":[{"href":"https:\/\/blog.ilgiornale.it\/ruzzo\/wp-json\/wp\/v2\/types\/post"}],"author":[{"embeddable":true,"href":"https:\/\/blog.ilgiornale.it\/ruzzo\/wp-json\/wp\/v2\/users\/956"}],"replies":[{"embeddable":true,"href":"https:\/\/blog.ilgiornale.it\/ruzzo\/wp-json\/wp\/v2\/comments?post=159"}],"version-history":[{"count":0,"href":"https:\/\/blog.ilgiornale.it\/ruzzo\/wp-json\/wp\/v2\/posts\/159\/revisions"}],"wp:attachment":[{"href":"https:\/\/blog.ilgiornale.it\/ruzzo\/wp-json\/wp\/v2\/media?parent=159"}],"wp:term":[{"taxonomy":"category","embeddable":true,"href":"https:\/\/blog.ilgiornale.it\/ruzzo\/wp-json\/wp\/v2\/categories?post=159"},{"taxonomy":"post_tag","embeddable":true,"href":"https:\/\/blog.ilgiornale.it\/ruzzo\/wp-json\/wp\/v2\/tags?post=159"}],"curies":[{"name":"wp","href":"https:\/\/api.w.org\/{rel}","templated":true}]}}