{"id":15923,"date":"2015-04-09T20:27:48","date_gmt":"2015-04-09T18:27:48","guid":{"rendered":"https:\/\/blog.ilgiornale.it\/ruzzo\/?p=15923"},"modified":"2015-04-09T20:28:56","modified_gmt":"2015-04-09T18:28:56","slug":"trabuio-la-maratona-sara-veloce-per-tutti","status":"publish","type":"post","link":"https:\/\/blog.ilgiornale.it\/ruzzo\/2015\/04\/09\/trabuio-la-maratona-sara-veloce-per-tutti\/","title":{"rendered":"Trabuio: &#8220;La maratona? Sar\u00e0 veloce per tutti&#8221;"},"content":{"rendered":"<p><a href=\"https:\/\/blog.ilgiornale.it\/ruzzo\/files\/2015\/04\/WP_20150409_001.jpg\"><img loading=\"lazy\" class=\"alignleft size-medium wp-image-15924\" src=\"https:\/\/blog.ilgiornale.it\/ruzzo\/files\/2015\/04\/WP_20150409_001-300x168.jpg\" alt=\"WP_20150409_001\" width=\"300\" height=\"168\" srcset=\"https:\/\/blog.ilgiornale.it\/ruzzo\/files\/2015\/04\/WP_20150409_001-300x168.jpg 300w, https:\/\/blog.ilgiornale.it\/ruzzo\/files\/2015\/04\/WP_20150409_001-1024x575.jpg 1024w, https:\/\/blog.ilgiornale.it\/ruzzo\/files\/2015\/04\/WP_20150409_001.jpg 1632w\" sizes=\"(max-width: 300px) 100vw, 300px\" \/><\/a>La maratona di Milano deve sempre fare i conti con il suo percorso. Domenica si corre la quindicesima edizione: da Porta Venezia a Porta Venezia attraversando un po\u2019 tutti i punti pi\u00f9 significativi della citt\u00e0 che tra qualche settimana ospiter\u00e0 Expo. Quarantadue chilometri e 195 metri che metteranno alla prova la caparbiet\u00e0 di chi corre e la pazienza di chi invece dovr\u00e0 muoversi in citt\u00e0: \u00abQualche disagio ci sar\u00e0 perch\u00e8 una maratona \u00e8 una corsa che ha sempre un impatto importante su una citt\u00e0 &#8211; spiega il direttore della <strong>Suisse Milano marathon Andrea Trabuio<\/strong>&#8211; ma il nuovo percorso \u00e8 stato pensato e studiato con i tecnici del Comune e dell\u2019Atm proprio per cercare di creare il minor disagio possibile\u00bb. Per gli atleti sar\u00e0 un tracciato veloce certificato da uno che di maratone se ne intende, il campione etiope <strong>Haile Gebreselassie<\/strong> gi\u00e0 primatista del mondo che dovrebbe anche correre qualche chilometro: \u00abE per noi avere Gebre alla maratona \u00e8 un punto d\u2019orgoglio &#8211; spiega <strong>Trabuio<\/strong> -. \u00c9 un vero e proprio mito di questo sport ed \u00e8 la prima volta che viene a Milano\u00bb. Il via domenica mattina alle 9.30. Da Corso Venezia i 15mila runner al via punteranno verso i grattacieli di Porta Nuova per poi sfiorare la Stazione Centrale ed entrare quindi nel cuore della citt\u00e0, con il passaggio in Piazza Duomo ed in Piazza della Scala. Lambendo la Triennale la gara raggiunger\u00e0 l\u2019area di City Life. Da qui si punter\u00e0 verso nord-ovest, aggirando il Monte Stella, l\u2019Ippodromo e lo Stadio Meazza. Il tratto pi\u00f9 esterno del percorso si snoder\u00e0 nel verde del Parco di Trenno fino a Molino Dorino, da dove si torner\u00e0 verso il centro con il lungo e velocissimo rettilineo di via Gallarate. Prima di raggiungere la zona del Portello la gara sar\u00e0 al 35mo chilometro ed inizier\u00e0 qui la fase pi\u00f9 dura, quella che per molti podisti \u00e8 un vero e proprio muro ed infatti \u00e8 questo il cosiddetto chilometro rosso dove \u00e8 fissato il ristoro tecnico di Enervit: \u00abS\u00ec, da qui si torna verso il centro- spiega il direttore della Mcm- seguendo la tradizionale direttrice di Corso Sempione che guider\u00e0 i maratoneti verso l\u2019Arco della Pace ed il Parco Sempione\u00bb. Che verr\u00e0 attraversato con un breve e suggestivo passaggio sullo sterrato di Piazza del Cannone, sotto le mura del Castello Sforzesco prima degli ultimi due chilometri finali fino al traguardo di Porta Venezia. \u00abAbbiamo studiato i punti critici del traffico &#8211; spiega <strong>Trabuio<\/strong> &#8211; cercando sempre di offrire un\u2019alternativa anche se con questo percorso la citt\u00e0 dovrebbe liberarsi via via al passare della gara\u00bb. Attenzione al traffico ma anche all\u2019ambiente e anche qui questa edizione della Milano Marathon presenta novit\u00e0: \u00abAbbiamo ricevuto una certificazione importante sul rispetto ambientale &#8211; spiega il direttore -. perch\u00e8 siamo riusciti a limitare l\u2019uso della carta nelle iscrizioni, stiamo cercando di incentivare l\u2019uso dei mezzi pubblici per raggiungere la zona di partenza e perch\u00e8 come fanno tutte la grandi maratone internazionali faremo tutto lo sforzo possibile per contenere i rifiuti. A cominciare dalle spugne che i runner usano per rinfrescarsi ai ristori. Non le troveranno sui tavoli per poi gettarle. Gliene daremo due alla partenza e dovranno usare quelle su tutti e 42 i chilometri\u00bb.<\/p>\n","protected":false},"excerpt":{"rendered":"<p><p>La maratona di Milano deve sempre fare i conti con il suo percorso. Domenica si corre la quindicesima edizione: da Porta Venezia a Porta Venezia attraversando un po\u2019 tutti i punti pi\u00f9 significativi della citt\u00e0 che tra qualche settimana ospiter\u00e0 Expo. Quarantadue chilometri e 195 metri che metteranno alla prova la caparbiet\u00e0 di chi corre e la pazienza di chi invece dovr\u00e0 muoversi in citt\u00e0: \u00abQualche disagio ci sar\u00e0 perch\u00e8 una maratona \u00e8 una corsa che ha sempre un impatto importante su una citt\u00e0 &#8211; spiega il direttore della Suisse Milano marathon Andrea Trabuio&#8211; ma il nuovo percorso \u00e8 stato [&hellip;]<\/p>\n&nbsp;&nbsp;<div class=\"readmore\"><a href=\"https:\/\/blog.ilgiornale.it\/ruzzo\/2015\/04\/09\/trabuio-la-maratona-sara-veloce-per-tutti\/\">Continua a leggere...<\/a><\/div><\/p>","protected":false},"author":956,"featured_media":0,"comment_status":"open","ping_status":"closed","sticky":false,"template":"","format":"standard","meta":[],"categories":[1],"tags":[6089,58700,8679,40372,58699],"_links":{"self":[{"href":"https:\/\/blog.ilgiornale.it\/ruzzo\/wp-json\/wp\/v2\/posts\/15923"}],"collection":[{"href":"https:\/\/blog.ilgiornale.it\/ruzzo\/wp-json\/wp\/v2\/posts"}],"about":[{"href":"https:\/\/blog.ilgiornale.it\/ruzzo\/wp-json\/wp\/v2\/types\/post"}],"author":[{"embeddable":true,"href":"https:\/\/blog.ilgiornale.it\/ruzzo\/wp-json\/wp\/v2\/users\/956"}],"replies":[{"embeddable":true,"href":"https:\/\/blog.ilgiornale.it\/ruzzo\/wp-json\/wp\/v2\/comments?post=15923"}],"version-history":[{"count":1,"href":"https:\/\/blog.ilgiornale.it\/ruzzo\/wp-json\/wp\/v2\/posts\/15923\/revisions"}],"predecessor-version":[{"id":15925,"href":"https:\/\/blog.ilgiornale.it\/ruzzo\/wp-json\/wp\/v2\/posts\/15923\/revisions\/15925"}],"wp:attachment":[{"href":"https:\/\/blog.ilgiornale.it\/ruzzo\/wp-json\/wp\/v2\/media?parent=15923"}],"wp:term":[{"taxonomy":"category","embeddable":true,"href":"https:\/\/blog.ilgiornale.it\/ruzzo\/wp-json\/wp\/v2\/categories?post=15923"},{"taxonomy":"post_tag","embeddable":true,"href":"https:\/\/blog.ilgiornale.it\/ruzzo\/wp-json\/wp\/v2\/tags?post=15923"}],"curies":[{"name":"wp","href":"https:\/\/api.w.org\/{rel}","templated":true}]}}