{"id":15981,"date":"2015-04-14T18:38:52","date_gmt":"2015-04-14T16:38:52","guid":{"rendered":"https:\/\/blog.ilgiornale.it\/ruzzo\/?p=15981"},"modified":"2015-04-14T18:39:13","modified_gmt":"2015-04-14T16:39:13","slug":"la-roubaix-e-un-po-di-buonsenso","status":"publish","type":"post","link":"https:\/\/blog.ilgiornale.it\/ruzzo\/2015\/04\/14\/la-roubaix-e-un-po-di-buonsenso\/","title":{"rendered":"La Roubaix e un po&#8217; di buonsenso"},"content":{"rendered":"<p>[youtube nA-84SIFnSo]<\/p>\n<p>Sempre meglio far calmare le acque. E&#8217; un buona regola che si impara soprattutto con l&#8217;et\u00e0. A botta calda si dicono sempre un sacco di sciocchezze e, qualche volta, per\u00f2 si continuano a dire anche quando l&#8217;emozione \u00e8 passata. Non dovrebbe ma capita. Cos\u00ec il passaggio a livello &#8220;violato&#8221;\u00a0della Roubaix domenica \u00e8 diventato un caso. I ciclisti rischiano\u00a0di finire in tribunale perch\u00e8 le Ferrovie francesi vogliono denunciarli per essere passati a sbarre abbassate.\u00a0 L\u2019Assocorridori (Accpi) definisce inaccettabile l\u2019episodio e chiede\u00a0all&#8217;Unione ciclistica internazionale di prendere i \u00abdovuti provvedimenti&gt;. A sua volta l&#8217;Uci chiede alle autorit\u00e0 di presentare al pi\u00f9 presto un rapporto completo\u00a0sul caso per\u00a0&#8220;potenziali azioni&#8221;. Insomma un bel caos. Detto che i ciclisti si dovevano fermare davanti alle sbarre che si chiudevano, sfido chiunque\u00a0si stia giocando una <strong>Roubaix<\/strong> a farlo a trovare la lucidit\u00e0 per farlo. In piena bagarre, in piena adrenalina di gara, dopo centinaia di chilometri di fatica sul pav\u00e8 non \u00e8 facile come dirlo, non \u00e8 come tirare i freni perch\u00e8 all&#8217;incrocio mentre stai pedalando in citt\u00e0 ti scatta il semaforo giallo. Ora tutti parlano di tragedia sfiorata. Ed \u00e8 vero perche quel Tgv \u00e8 passato davvero\u00a0 pochi secondi dopo i corridori. Ma la domanda viene abbastanza spontanea. Visto che si stava correndo la Parigi-Roubaix una delle gare pi\u00f9 importanti del mondo\u00a0la prefettura, i vigili, gli organizzatori non si potevano organizzare con le Ferrovie francesi per farlo fermare un paio di minuti quel treno?\u00a0 Era davvero cos\u00ec complicato? O forse solo una scelta di buonsenso? Poi per\u00f2\u00a0una domenica\u00a0mattina qualunque passi su una strada provinciale qualunque e trovi la strada sbarrata da un pensionato con una pettorina gailla che sta fermando il traffico per una\u00a0gara sociale. E per la Roubaix non si poteva fare?<\/p>\n","protected":false},"excerpt":{"rendered":"<p><p>[youtube nA-84SIFnSo] Sempre meglio far calmare le acque. E&#8217; un buona regola che si impara soprattutto con l&#8217;et\u00e0. A botta calda si dicono sempre un sacco di sciocchezze e, qualche volta, per\u00f2 si continuano a dire anche quando l&#8217;emozione \u00e8 passata. Non dovrebbe ma capita. Cos\u00ec il passaggio a livello &#8220;violato&#8221;\u00a0della Roubaix domenica \u00e8 diventato un caso. I ciclisti rischiano\u00a0di finire in tribunale perch\u00e8 le Ferrovie francesi vogliono denunciarli per essere passati a sbarre abbassate.\u00a0 L\u2019Assocorridori (Accpi) definisce inaccettabile l\u2019episodio e chiede\u00a0all&#8217;Unione ciclistica internazionale di prendere i \u00abdovuti provvedimenti&gt;. A sua volta l&#8217;Uci chiede alle autorit\u00e0 di presentare al pi\u00f9 [&hellip;]<\/p>\n&nbsp;&nbsp;<div class=\"readmore\"><a href=\"https:\/\/blog.ilgiornale.it\/ruzzo\/2015\/04\/14\/la-roubaix-e-un-po-di-buonsenso\/\">Continua a leggere...<\/a><\/div><\/p>","protected":false},"author":956,"featured_media":0,"comment_status":"open","ping_status":"closed","sticky":false,"template":"","format":"standard","meta":[],"categories":[1],"tags":[],"_links":{"self":[{"href":"https:\/\/blog.ilgiornale.it\/ruzzo\/wp-json\/wp\/v2\/posts\/15981"}],"collection":[{"href":"https:\/\/blog.ilgiornale.it\/ruzzo\/wp-json\/wp\/v2\/posts"}],"about":[{"href":"https:\/\/blog.ilgiornale.it\/ruzzo\/wp-json\/wp\/v2\/types\/post"}],"author":[{"embeddable":true,"href":"https:\/\/blog.ilgiornale.it\/ruzzo\/wp-json\/wp\/v2\/users\/956"}],"replies":[{"embeddable":true,"href":"https:\/\/blog.ilgiornale.it\/ruzzo\/wp-json\/wp\/v2\/comments?post=15981"}],"version-history":[{"count":5,"href":"https:\/\/blog.ilgiornale.it\/ruzzo\/wp-json\/wp\/v2\/posts\/15981\/revisions"}],"predecessor-version":[{"id":15986,"href":"https:\/\/blog.ilgiornale.it\/ruzzo\/wp-json\/wp\/v2\/posts\/15981\/revisions\/15986"}],"wp:attachment":[{"href":"https:\/\/blog.ilgiornale.it\/ruzzo\/wp-json\/wp\/v2\/media?parent=15981"}],"wp:term":[{"taxonomy":"category","embeddable":true,"href":"https:\/\/blog.ilgiornale.it\/ruzzo\/wp-json\/wp\/v2\/categories?post=15981"},{"taxonomy":"post_tag","embeddable":true,"href":"https:\/\/blog.ilgiornale.it\/ruzzo\/wp-json\/wp\/v2\/tags?post=15981"}],"curies":[{"name":"wp","href":"https:\/\/api.w.org\/{rel}","templated":true}]}}