{"id":162,"date":"2010-01-18T20:18:13","date_gmt":"2010-01-18T19:18:13","guid":{"rendered":"https:\/\/blog.ilgiornale.it\/ruzzo\/2010\/01\/18\/otto-detenuti-del-beccaria-alla-milanocitymarathon\/"},"modified":"2010-01-18T21:02:14","modified_gmt":"2010-01-18T20:02:14","slug":"otto-detenuti-del-beccaria-alla-milanocitymarathon","status":"publish","type":"post","link":"https:\/\/blog.ilgiornale.it\/ruzzo\/2010\/01\/18\/otto-detenuti-del-beccaria-alla-milanocitymarathon\/","title":{"rendered":"Otto detenuti del Beccaria alla Milanocitymarathon"},"content":{"rendered":"<p>[photopress:bec_1_2.JPG,full,alignleft]&lt;Lei sa che in Italia i detenuti minori sono poco pi\u00f9 di 500? Pochi vero? Non appena si pu\u00f2 si applicano misure alternative alla detenzione in comunit\u00e0 religiose o protette. Cos\u00ec gli altri 15mila sono fuori&#8230;&gt;. Non aggiunge altro Sandro Mariloti, direttore del carcere minorile Beccaria di Milano. Ma non serve aggiungere altro. Gli si legge negli occhi che\u00a0quel numero gli d\u00e0 soddisfazione. Recuperare chi sta dietro le sbarre \u00e8 una missione, soprattutto se in cella c&#8217;\u00e8 un ragazzino che potrebbe essere tuo figlio. &lt;Quindi\u00a0i settanta detenuti qui dentro sono\u00a0\u00a0casi disperati- continua il direttore del Beccaria- Giovani emarginati con con storie assurde&gt;. Punto. Anche se per 5 anni ho fatto il cronista di &lt;nera&gt; non ero mai entrato al Beccaria. E&#8217; diverso da San Vittore, dove tra agenti di custodia, avvocati e impiegati c&#8217;\u00e8 pi\u00f9 viavai. Qui dall&#8217;atrio vetrato si vedono le sbarre delle celle al di l\u00e0 del cortile ma sembra un po&#8217; tutto sospeso, congelato.\u00a0 Nell&#8217;atrio il posto di guardia, la solita bacheca delle comunicazioni sindacali, una vetrinetta, gli ascensori e le scale che portano ai piani superiori.\u00a0Parlo di ragazzini detenuti perch\u00e8 da oggi per otto di loro comincia la preparazione alla maratona di Milano. Un&#8217;idea affascinante che nasce dalla collaborazione tra il carcere e la fondazione Laureus. Non a caso. Silvana de Giovanni \u00e8 presidente di questa onlus che si occupa di sport e disagio giovanile ma \u00e8 soprattutto \u00e8 una maratoneta, basta guardare le scarpe che indossa. Corre, si allena, fatica e quindi le si \u00e8 accesa la lampadina. Due squadre, due staffette\u00a0con frazioni di 10 chilometri che\u00a0 porteranno al traguardo della decima Milanomarathon\u00a0otto detenuti che per un giorno avranno un permesso premio firmato dal giudice di sorveglianza. Saranno accompagnati da &lt;angeli custodi&gt; come Andrea Zorzi, l&#8217;ex pallavolista del sogno azzurro, e come Antonio Rossi,\u00a0 il mito della nostra canoa olimpica. Certo, dovranno allenarsi. Scoprire che correre \u00e8 fatica ma imparare che soffrendo e sudando si pu\u00f2 raggiungere e superare quel limite che loro hanno infranto e che li ha portati\u00a0qui dentro.\u00a0 &lt;Fanno i duri, si danno un sacco di arie, sembrano chiss\u00e0 che a parole- racconta don Gino Rigoldi- ma in realt\u00e0 hanno una scarsissima stima di s\u00e8. Fare sport, far parte di una squadra dove \u00e8 importante il rispetto dei ruoli e delle regole credo li aiuter\u00e0 moltissimo&#8230;.&gt;.\u00a0 Ovviamente in questa avventura non saranno soli. A guidarli e a prepararli ci sar\u00e0 il dottor Gabriele Rosa, &lt;mister&gt; maratona, l&#8217;allenatore dei keniani che hanno vinto tutto dalle olimpiadi, a New York a Berlino e si potrebbe continuare. Con il suo staff avr\u00e0 82 giorni per preparare i ragzzi a correre i quattro diecimila in cui si divederanno la sfida e ovviamente non sar\u00e0 un problema. &lt;Ovvio che l&#8217;obbiettivo non sar\u00e0 vincere- spiega Rosa- Non siamo venuti qui per questo. Correre \u00e8 un piacere doloroso che per\u00f2 trasmette una grandissima energia. E&#8217; questa la sfida: far capire a questi ragazzi che sono in grado di fare cose di valore, diverse da quelle che li hanno portati qua dentro. Questa \u00e8 una di quelle volte in cui la corsa riesce a creare la favola&#8230;&gt;. E qui mi fermo.<\/p>\n","protected":false},"excerpt":{"rendered":"<p><p>[photopress:bec_1_2.JPG,full,alignleft]&lt;Lei sa che in Italia i detenuti minori sono poco pi\u00f9 di 500? Pochi vero? Non appena si pu\u00f2 si applicano misure alternative alla detenzione in comunit\u00e0 religiose o protette. Cos\u00ec gli altri 15mila sono fuori&#8230;&gt;. Non aggiunge altro Sandro Mariloti, direttore del carcere minorile Beccaria di Milano. Ma non serve aggiungere altro. Gli si legge negli occhi che\u00a0quel numero gli d\u00e0 soddisfazione. Recuperare chi sta dietro le sbarre \u00e8 una missione, soprattutto se in cella c&#8217;\u00e8 un ragazzino che potrebbe essere tuo figlio. &lt;Quindi\u00a0i settanta detenuti qui dentro sono\u00a0\u00a0casi disperati- continua il direttore del Beccaria- Giovani emarginati con con [&hellip;]<\/p>\n&nbsp;&nbsp;<div class=\"readmore\"><a href=\"https:\/\/blog.ilgiornale.it\/ruzzo\/2010\/01\/18\/otto-detenuti-del-beccaria-alla-milanocitymarathon\/\">Continua a leggere...<\/a><\/div><\/p>","protected":false},"author":956,"featured_media":0,"comment_status":"open","ping_status":"closed","sticky":false,"template":"","format":"standard","meta":[],"categories":[1],"tags":[],"_links":{"self":[{"href":"https:\/\/blog.ilgiornale.it\/ruzzo\/wp-json\/wp\/v2\/posts\/162"}],"collection":[{"href":"https:\/\/blog.ilgiornale.it\/ruzzo\/wp-json\/wp\/v2\/posts"}],"about":[{"href":"https:\/\/blog.ilgiornale.it\/ruzzo\/wp-json\/wp\/v2\/types\/post"}],"author":[{"embeddable":true,"href":"https:\/\/blog.ilgiornale.it\/ruzzo\/wp-json\/wp\/v2\/users\/956"}],"replies":[{"embeddable":true,"href":"https:\/\/blog.ilgiornale.it\/ruzzo\/wp-json\/wp\/v2\/comments?post=162"}],"version-history":[{"count":0,"href":"https:\/\/blog.ilgiornale.it\/ruzzo\/wp-json\/wp\/v2\/posts\/162\/revisions"}],"wp:attachment":[{"href":"https:\/\/blog.ilgiornale.it\/ruzzo\/wp-json\/wp\/v2\/media?parent=162"}],"wp:term":[{"taxonomy":"category","embeddable":true,"href":"https:\/\/blog.ilgiornale.it\/ruzzo\/wp-json\/wp\/v2\/categories?post=162"},{"taxonomy":"post_tag","embeddable":true,"href":"https:\/\/blog.ilgiornale.it\/ruzzo\/wp-json\/wp\/v2\/tags?post=162"}],"curies":[{"name":"wp","href":"https:\/\/api.w.org\/{rel}","templated":true}]}}