{"id":163,"date":"2010-01-20T17:08:59","date_gmt":"2010-01-20T16:08:59","guid":{"rendered":"https:\/\/blog.ilgiornale.it\/ruzzo\/2010\/01\/20\/vertical-sprint-domenica-doppia-scalata-alla-regione\/"},"modified":"2010-01-20T17:08:59","modified_gmt":"2010-01-20T16:08:59","slug":"vertical-sprint-domenica-doppia-scalata-alla-regione","status":"publish","type":"post","link":"https:\/\/blog.ilgiornale.it\/ruzzo\/2010\/01\/20\/vertical-sprint-domenica-doppia-scalata-alla-regione\/","title":{"rendered":"Vertical sprint, domenica doppia scalata alla Regione"},"content":{"rendered":"<p><span><font face=\"Verdana\">[photopress:VerticalWorldCircuit010.jpg,full,alignleft][photopress:formi.jpg,thumb,alignleft]Scalare il palazzo della Regione Lombardia di corsa. Dopo il successo delle 3 precedenti edizioni, il Vertical sprint &lt;raddoppia&gt;, \u00a0cos\u00ec si salir\u00e0 sul PIrellone ma anche sul grattacielo della nuova sede della Regione. Si corre domenica prossima, due manche cos\u00ec come avviene nelle gare di sci: la prima\u00a0con 31 piani, 710 gradini e 127 metri di dislivello; la seconda manche, a cronometro,\u00a0per 39 piani, 866 gradini e 142 metri metri di altezza. L\u2019evento \u00e8 organizzato in collaborazione con ISF (International Skyrunning Federation) che coordina a livello internazionale gli atleti della specialit\u00e0 Skyrunning o \u201ccorridori del cielo\u201d.\u00a0\u00a0La gara milanese fa parte de &lt;Vertical World circuit 2010&gt; il Campionato del Mondo della specialit\u00e0 che nel corso dell\u2019anno toccher\u00e0 &#8211; in 9 citt\u00e0 di 4 continenti &#8211; alcuni dei grattacieli pi\u00f9 alti, belli e celebri: oltre all\u2019Empire di <font color=\"#800000\"><strong>New York<\/strong><\/font> (2 febbraio, 86 piani, 1.576 gradini), il The Gherkin di <font color=\"#800000\"><strong>Londra<\/strong><\/font> (38 piani, 1.037 gradini),<font color=\"#800000\"><strong> Basilea, Berlino, Taipei <\/strong><\/font>(la 101 Taipei Tower con 91 piani, 2.046 gradini!), la spettacolare torre di <font color=\"#800000\"><strong>Sydney<\/strong><\/font> (94 piani, 1.504 gradini), <font color=\"#800000\"><strong>Barcellona<\/strong><\/font> (Torre de Collserola) e la finale di <font color=\"#800000\"><strong>Singapore<\/strong><\/font> al celebre Swisshotel (73 piani, 1.336 gradini). Annunciati a Milano numerosi dei pi\u00f9 importanti atleti della specialit\u00e0: \u00a0il favorito tedesco Thomas Dold<font color=\"#800000\"><strong> <\/strong><\/font>(Campione del Mondo 2009, 4 volte vincitore all\u2019Empire State Building e vincitore a Milano nel 2008) si confronter\u00e0 con Marco De Gasperi (il migliore atleta italiano, 2\u00b0 nel Circuito Mondiale 2009, vincitore di Vertical Sprint 07 e 09). La sfida femminile dovrebbe essere una partita a 5 tra atlete molto determinate. In prima fila la nostra Daniela Vassalli, la migliore italiana e Campionessa del Mondo 09, vincitrice nell\u2019anno a Milano, Berlino, Barcellona e 2\u00b0 assoluta a New York. A conferma dell\u2019importanza dell\u2019evento quest\u2019anno a Milano saranno presenti atleti di 10 nazioni con molti rappresentanti delle squadre ufficiali vertical running. Sono iscritti alla prova 160 atleti.\u00a0 Ogni informazione pu\u00f2 essere richiesta allo 02.72093731 oppure consultando il sito <font color=\"#800000\"><strong><a href=\"http:\/\/www.verticalsprint.it\/\">www.verticalsprint.it<\/a>. <\/strong><\/font><\/font><font face=\"Verdana\">Non solo corsa agonistica comunque. Anche quest&#8217;anno gli appassionati potranno seguire la prima manche della gara al Pirelli alle ore 10,30 \u00a0ma soprattutto il pubblico \u00e8 atteso a partire dalle ore 11,30 nella nuova piazza coperta dell&#8217;Altra Sede (ingresso in via Galvani, a 500 metri dal Pirelli&#8230;) per assistere alle fasi finali (dal vivo o su maxischermo) ma anche per ammirare per la prima volta le nuove costruzioni architettoniche e festeggiare il nuovo grattacielo con musiche, filmati, esposizioni, ospiti e celebrit\u00e0 oltre alla possibilit\u00e0 di salire in ascensore allo spettacolare 39\u00b0 piano.<\/font><br \/>\n<\/span><\/p>\n","protected":false},"excerpt":{"rendered":"<p><p>[photopress:VerticalWorldCircuit010.jpg,full,alignleft][photopress:formi.jpg,thumb,alignleft]Scalare il palazzo della Regione Lombardia di corsa. Dopo il successo delle 3 precedenti edizioni, il Vertical sprint &lt;raddoppia&gt;, \u00a0cos\u00ec si salir\u00e0 sul PIrellone ma anche sul grattacielo della nuova sede della Regione. Si corre domenica prossima, due manche cos\u00ec come avviene nelle gare di sci: la prima\u00a0con 31 piani, 710 gradini e 127 metri di dislivello; la seconda manche, a cronometro,\u00a0per 39 piani, 866 gradini e 142 metri metri di altezza. L\u2019evento \u00e8 organizzato in collaborazione con ISF (International Skyrunning Federation) che coordina a livello internazionale gli atleti della specialit\u00e0 Skyrunning o \u201ccorridori del cielo\u201d.\u00a0\u00a0La gara milanese fa parte [&hellip;]<\/p>\n&nbsp;&nbsp;<div class=\"readmore\"><a href=\"https:\/\/blog.ilgiornale.it\/ruzzo\/2010\/01\/20\/vertical-sprint-domenica-doppia-scalata-alla-regione\/\">Continua a leggere...<\/a><\/div><\/p>","protected":false},"author":956,"featured_media":0,"comment_status":"open","ping_status":"closed","sticky":false,"template":"","format":"standard","meta":[],"categories":[1],"tags":[],"_links":{"self":[{"href":"https:\/\/blog.ilgiornale.it\/ruzzo\/wp-json\/wp\/v2\/posts\/163"}],"collection":[{"href":"https:\/\/blog.ilgiornale.it\/ruzzo\/wp-json\/wp\/v2\/posts"}],"about":[{"href":"https:\/\/blog.ilgiornale.it\/ruzzo\/wp-json\/wp\/v2\/types\/post"}],"author":[{"embeddable":true,"href":"https:\/\/blog.ilgiornale.it\/ruzzo\/wp-json\/wp\/v2\/users\/956"}],"replies":[{"embeddable":true,"href":"https:\/\/blog.ilgiornale.it\/ruzzo\/wp-json\/wp\/v2\/comments?post=163"}],"version-history":[{"count":0,"href":"https:\/\/blog.ilgiornale.it\/ruzzo\/wp-json\/wp\/v2\/posts\/163\/revisions"}],"wp:attachment":[{"href":"https:\/\/blog.ilgiornale.it\/ruzzo\/wp-json\/wp\/v2\/media?parent=163"}],"wp:term":[{"taxonomy":"category","embeddable":true,"href":"https:\/\/blog.ilgiornale.it\/ruzzo\/wp-json\/wp\/v2\/categories?post=163"},{"taxonomy":"post_tag","embeddable":true,"href":"https:\/\/blog.ilgiornale.it\/ruzzo\/wp-json\/wp\/v2\/tags?post=163"}],"curies":[{"name":"wp","href":"https:\/\/api.w.org\/{rel}","templated":true}]}}