{"id":164,"date":"2010-01-21T17:27:12","date_gmt":"2010-01-21T16:27:12","guid":{"rendered":"https:\/\/blog.ilgiornale.it\/ruzzo\/2010\/01\/21\/stramilano-cambia-data-lorganizzazione-si-scusa\/"},"modified":"2010-01-21T17:27:12","modified_gmt":"2010-01-21T16:27:12","slug":"stramilano-cambia-data-lorganizzazione-si-scusa","status":"publish","type":"post","link":"https:\/\/blog.ilgiornale.it\/ruzzo\/2010\/01\/21\/stramilano-cambia-data-lorganizzazione-si-scusa\/","title":{"rendered":"Stramilano cambia data, l&#8217;organizzazione si scusa"},"content":{"rendered":"<p>La Stramilano per non interferire con la giornata elettorale\u00a0anticipa la sua data di una settimana dal 28 al 21 Marzo.\u00a0La notizia\u00a0nel micromondo della corsa provoca un bel terremoto. Si arrabbiano in molti. Da chi aveva prenotato pettorale e albergo per correre a\u00a0Milano, agli organizzatori delle altre manifestazioni che si trovano cos\u00ec concomitanti con\u00a0la gara pi\u00f9 partcipata d&#8217;Italia. Mugugni e polemiche che hanno fatto il giro dei siti che si occpuano di corsa e ancora\u00a0non si sono del tutto placate. Di seguito la replica degli organizzatori della Strramilano che ho ricevuto e, ovviamente, pubblico.\u00a0<\/p>\n<p><em>&lt;Cari amici, la Stramilano ha cambiato la data di svolgimento, non pi\u00f9 il 28, bens\u00ec il 21 marzo 2010. Dopo una prima valutazione di compatibilit\u00e0 tra le votazioni e l&#8217;evento espressa dagli Organi competenti, le mutate condizioni esterne hanno suggerito di evitare qualsiasi tipo di problema per il raggiungimento delle sedi elettorali. La Stramilano ha da sempre avuto il massimo rispetto della citt\u00e0 di Milano e dei suoi cittadini e, malgrado i molteplici problemi organizzativi, ha deciso di adeguarsi alla situazione. Il Comitato Organizzatore ringrazia le Autorit\u00e0 Regionali, Comunali e Provinciali per il supporto concesso, gli sponsor per il sostegno confermato e la Fidal per la tempestiva approvazione. Ci scusiamo con coloro che si sono gi\u00e0 iscritti se abbiamo loro procurato dei contrattempi con altre manifestazioni per eventuali disagi nel cambiamento della data. Respingiamo inoltre, in maniera ferma e decisa, accuse e attacchi che sono dovuti a motivazioni che vanno al di l\u00e0 del contesto sportivo. Per noi \u00e8 importante che il 21 marzo sia un<\/em><em>a giornata di sport ovunque essa si svolga.&gt;<br \/>\nL&#8217;organizzazione della Stramilano<\/em><\/p>\n","protected":false},"excerpt":{"rendered":"<p><p>La Stramilano per non interferire con la giornata elettorale\u00a0anticipa la sua data di una settimana dal 28 al 21 Marzo.\u00a0La notizia\u00a0nel micromondo della corsa provoca un bel terremoto. Si arrabbiano in molti. Da chi aveva prenotato pettorale e albergo per correre a\u00a0Milano, agli organizzatori delle altre manifestazioni che si trovano cos\u00ec concomitanti con\u00a0la gara pi\u00f9 partcipata d&#8217;Italia. Mugugni e polemiche che hanno fatto il giro dei siti che si occpuano di corsa e ancora\u00a0non si sono del tutto placate. Di seguito la replica degli organizzatori della Strramilano che ho ricevuto e, ovviamente, pubblico.\u00a0 &lt;Cari amici, la Stramilano ha cambiato la [&hellip;]<\/p>\n&nbsp;&nbsp;<div class=\"readmore\"><a href=\"https:\/\/blog.ilgiornale.it\/ruzzo\/2010\/01\/21\/stramilano-cambia-data-lorganizzazione-si-scusa\/\">Continua a leggere...<\/a><\/div><\/p>","protected":false},"author":956,"featured_media":0,"comment_status":"open","ping_status":"closed","sticky":false,"template":"","format":"standard","meta":[],"categories":[1],"tags":[],"_links":{"self":[{"href":"https:\/\/blog.ilgiornale.it\/ruzzo\/wp-json\/wp\/v2\/posts\/164"}],"collection":[{"href":"https:\/\/blog.ilgiornale.it\/ruzzo\/wp-json\/wp\/v2\/posts"}],"about":[{"href":"https:\/\/blog.ilgiornale.it\/ruzzo\/wp-json\/wp\/v2\/types\/post"}],"author":[{"embeddable":true,"href":"https:\/\/blog.ilgiornale.it\/ruzzo\/wp-json\/wp\/v2\/users\/956"}],"replies":[{"embeddable":true,"href":"https:\/\/blog.ilgiornale.it\/ruzzo\/wp-json\/wp\/v2\/comments?post=164"}],"version-history":[{"count":0,"href":"https:\/\/blog.ilgiornale.it\/ruzzo\/wp-json\/wp\/v2\/posts\/164\/revisions"}],"wp:attachment":[{"href":"https:\/\/blog.ilgiornale.it\/ruzzo\/wp-json\/wp\/v2\/media?parent=164"}],"wp:term":[{"taxonomy":"category","embeddable":true,"href":"https:\/\/blog.ilgiornale.it\/ruzzo\/wp-json\/wp\/v2\/categories?post=164"},{"taxonomy":"post_tag","embeddable":true,"href":"https:\/\/blog.ilgiornale.it\/ruzzo\/wp-json\/wp\/v2\/tags?post=164"}],"curies":[{"name":"wp","href":"https:\/\/api.w.org\/{rel}","templated":true}]}}