{"id":16569,"date":"2015-06-14T19:25:47","date_gmt":"2015-06-14T17:25:47","guid":{"rendered":"https:\/\/blog.ilgiornale.it\/ruzzo\/?p=16569"},"modified":"2015-06-14T19:48:19","modified_gmt":"2015-06-14T17:48:19","slug":"il-triathlon-europeo-parla-inglese-e-svizzero","status":"publish","type":"post","link":"https:\/\/blog.ilgiornale.it\/ruzzo\/2015\/06\/14\/il-triathlon-europeo-parla-inglese-e-svizzero\/","title":{"rendered":"Il triathlon europeo parla inglese ( e svizzero)"},"content":{"rendered":"<p><a href=\"https:\/\/blog.ilgiornale.it\/ruzzo\/files\/2015\/06\/Benson_vince_a_Baku.jpg\"><img loading=\"lazy\" class=\"alignleft size-thumbnail wp-image-16571\" src=\"https:\/\/blog.ilgiornale.it\/ruzzo\/files\/2015\/06\/Benson_vince_a_Baku-150x150.jpg\" alt=\"Benson_vince_a_Baku\" width=\"150\" height=\"150\" \/><\/a><a href=\"https:\/\/blog.ilgiornale.it\/ruzzo\/files\/2015\/06\/Spirig_vince_i_giochi_olimpici_europei_di_Baku_2015.jpg\"><img loading=\"lazy\" class=\"alignleft size-thumbnail wp-image-16572\" src=\"https:\/\/blog.ilgiornale.it\/ruzzo\/files\/2015\/06\/Spirig_vince_i_giochi_olimpici_europei_di_Baku_2015-150x150.jpg\" alt=\"Spirig_vince_i_giochi_olimpici_europei_di_Baku_2015\" width=\"150\" height=\"150\" \/><\/a>Mare calmo finalmente.\u00a0Il\u00a0Caspio, l&#8217;Azerbaijan e Baku dicono bene a un uomo di Sua maest\u00e0.\u00a0\u00a0E nei Giochi Europei per ora mediaticamente meno seguiti della storia arriva la prima medaglia per la Gran Bretagna. E arriva dal triathlon dove gli inglesi sono una nazione che conta. \u00a0Nella gara\u00a0maschile conquista l&#8217;oro il giovane <strong>Gordon Benson<\/strong>, classe 1994, che non \u00e8 un carneade qualsiasi visto che\u00a0 gi\u00e0 l&#8217;anno scorso \u00e8 stato campione europeo under23 e ottiene cos\u00ec anche la qualificazione a Rio 2016.\u00a0\u00a0Dietro Benson (1 h 48 minuti e 31 secondi) si piazza a una decina di secondi\u00a0il portoghese <strong>Joao Silva<\/strong>. Bronzo storico per il beniamino di casa l&#8217;azero <strong>Rostyslav Pevtsov<\/strong> (1.49&#8217;04&#8221;).\u00a0 Migliore degli azzurri e stato\u00a0 <strong>Delian Stateff<\/strong> (G.S. Fiamme Azzurre) con una gara tutta a rincorrere che si piazza dodicesimo in 1.50&#8217;31&#8221;.\u00a0Gli altri azzurri al traguardo sono\u00a0 <strong>Riccardo De Palma<\/strong> (Minerva Roma)\u00a019mo in 1.51&#8217;40&#8221;\u00a0dopo aver scontato un penality box che gli e&#8217; costata una posizione\u00a0e il carabiniere altoatesino <strong>Matthias Steinwandter<\/strong> che ha finito 25mo in 1.52&#8217;48&#8221; ma nei giorni scorsi ha dovuto fare i conti con un forte attacco influenzale. Ieri ,con\u00a0mare e vento che hanno fatto venire i brividi agli organizzatori, era stao il turnmo della ragzze. gar\u00e0 durissima nella quale si era confermata la\u00a0fuoriclasse svizzera <strong>Nicola Spirig<\/strong>\u00a0 in 2:00:28 mettendosi alle spalle\u00a0l&#8217;olandese <strong>Rachel Klamer<\/strong> ad oltre un minuto e la \u00a0svedese <strong>Lisa Norden<\/strong> che ha perso la volta per l&#8217;argento. \u201c\u00c8 incredibile vincere i primi Giochi Europei ed essermi qualificata per le Olimpiadi di Rio, questo \u00e8 un giorno perfetto per me! \u201c ha detto la svizzera al traguardo. Staccate le nostre: <strong>Maria Elena Petrini<\/strong> e <strong>Alessia Orla<\/strong>, hanno pagato il conto soprattutto nella frazione podistica, piazzandosi rispettivamente 27ma (2.08&#8217;39&#8221;) e 29ma (2.10&#8217;02&#8221;).<\/p>\n","protected":false},"excerpt":{"rendered":"<p><p>Mare calmo finalmente.\u00a0Il\u00a0Caspio, l&#8217;Azerbaijan e Baku dicono bene a un uomo di Sua maest\u00e0.\u00a0\u00a0E nei Giochi Europei per ora mediaticamente meno seguiti della storia arriva la prima medaglia per la Gran Bretagna. E arriva dal triathlon dove gli inglesi sono una nazione che conta. \u00a0Nella gara\u00a0maschile conquista l&#8217;oro il giovane Gordon Benson, classe 1994, che non \u00e8 un carneade qualsiasi visto che\u00a0 gi\u00e0 l&#8217;anno scorso \u00e8 stato campione europeo under23 e ottiene cos\u00ec anche la qualificazione a Rio 2016.\u00a0\u00a0Dietro Benson (1 h 48 minuti e 31 secondi) si piazza a una decina di secondi\u00a0il portoghese Joao Silva. Bronzo storico per [&hellip;]<\/p>\n&nbsp;&nbsp;<div class=\"readmore\"><a href=\"https:\/\/blog.ilgiornale.it\/ruzzo\/2015\/06\/14\/il-triathlon-europeo-parla-inglese-e-svizzero\/\">Continua a leggere...<\/a><\/div><\/p>","protected":false},"author":956,"featured_media":0,"comment_status":"open","ping_status":"closed","sticky":false,"template":"","format":"standard","meta":[],"categories":[1],"tags":[58777,58775,58774,58778,58776,58773,58772],"_links":{"self":[{"href":"https:\/\/blog.ilgiornale.it\/ruzzo\/wp-json\/wp\/v2\/posts\/16569"}],"collection":[{"href":"https:\/\/blog.ilgiornale.it\/ruzzo\/wp-json\/wp\/v2\/posts"}],"about":[{"href":"https:\/\/blog.ilgiornale.it\/ruzzo\/wp-json\/wp\/v2\/types\/post"}],"author":[{"embeddable":true,"href":"https:\/\/blog.ilgiornale.it\/ruzzo\/wp-json\/wp\/v2\/users\/956"}],"replies":[{"embeddable":true,"href":"https:\/\/blog.ilgiornale.it\/ruzzo\/wp-json\/wp\/v2\/comments?post=16569"}],"version-history":[{"count":3,"href":"https:\/\/blog.ilgiornale.it\/ruzzo\/wp-json\/wp\/v2\/posts\/16569\/revisions"}],"predecessor-version":[{"id":16574,"href":"https:\/\/blog.ilgiornale.it\/ruzzo\/wp-json\/wp\/v2\/posts\/16569\/revisions\/16574"}],"wp:attachment":[{"href":"https:\/\/blog.ilgiornale.it\/ruzzo\/wp-json\/wp\/v2\/media?parent=16569"}],"wp:term":[{"taxonomy":"category","embeddable":true,"href":"https:\/\/blog.ilgiornale.it\/ruzzo\/wp-json\/wp\/v2\/categories?post=16569"},{"taxonomy":"post_tag","embeddable":true,"href":"https:\/\/blog.ilgiornale.it\/ruzzo\/wp-json\/wp\/v2\/tags?post=16569"}],"curies":[{"name":"wp","href":"https:\/\/api.w.org\/{rel}","templated":true}]}}