{"id":16598,"date":"2015-06-17T19:39:14","date_gmt":"2015-06-17T17:39:14","guid":{"rendered":"https:\/\/blog.ilgiornale.it\/ruzzo\/?p=16598"},"modified":"2015-06-17T19:41:39","modified_gmt":"2015-06-17T17:41:39","slug":"dallhockey-al-triathlon-milano-cancella-lo-sport","status":"publish","type":"post","link":"https:\/\/blog.ilgiornale.it\/ruzzo\/2015\/06\/17\/dallhockey-al-triathlon-milano-cancella-lo-sport\/","title":{"rendered":"Dall&#8217;hockey al triathlon, Milano cancella lo sport"},"content":{"rendered":"<p>C\u2019\u00e8 sport e sport ma alla fine, forse, c\u2019\u00e8 solo il calcio. E per quelli ingiustamente definiti \u00abminori\u00bb non tira un bella aria. Cos\u00ec dall&#8217;hockey al triathlon, per moti diversi forse (ma forse anche no) Milano cancella lo sport. E a farsi friggere tutti i bei discorsi sull&#8217;Expo, sugli investimenti, sulla sostenibilit\u00e0 che poi deve anche essere movimento e non\u00a0solo business e\u00a0vetrina per cuochi e ristoranti. Per\u00f2 c&#8217;\u00e8 crisi. Gli sponsor\u00a0 scappano e gli affitti delle strutture\u00a0pesano come macigni sui bilanci. E poi c&#8217;\u00e8 la burocrazia, c&#8217;\u00e8 un politica che ama lo sport solo quando c&#8217;\u00e8 una foto da fare, un nastro da tagliare, un articolo su un giornale da conquistare. C&#8217;\u00e8 una politica che\u00a0non sempre\u00a0 apre le porte, semplifica le cose, si mette dalle parte\u00a0di chi fa i salti mortali per organizzare una gara, un evento, una kermesse. E a Milano,\u00a0solo a voler fare l&#8217;elenco, non si finisce pi\u00f9. Cos\u00ec vivere e sopravvivere diventa diffcile per\u00a0atleti e societ\u00e0 di un&lt;Dio minore&gt;. E a molti non resta che alzare bandiera bianca. Nonostante alle spalle ci siano movimenti giovanili floridi. Nonostante nelle bacheche ci siano coppe e titoli che raccontano un pezzo di storia sportiva di questa citt\u00e0 e dell&#8217;Italia tutta. Nonostante ci sia la voglia intatta di non mollare e di andare avanti. Per\u00f2 va cos\u00ec. E allora fa davvero male dover registrare per la prossima stagione l\u2019addio alla serie A dell\u2019 <strong>Hockey Milano Rossoblu<\/strong>. Che si spera sia solo una fermata provvisoria, un arrivederci in vista del nuovo progetto, \u00abMilano Hockey 2016\u00bb, che coinvolga le istituzioni in un \u00abRinascimento dell\u2019hockey milanese\u00bb. Ad annunciarlo \u00e8 il presidente <strong>Ico Migliore<\/strong>: \u00abLa societ\u00e0 il prossimo anno non si potr\u00e0 iscrivere alla massima serie- spiega- Ma non rinuncia. Abbiamo bisogno di tempi pi\u00f9 lunghi per poter realisticamente pianificare e raggiungere nuovi traguardi\u00bb. Quindi il prossimo anno sar\u00e0 serie B. Perch\u00e8 non ci sono sponsor ma anche perch\u00e8 non ci sono strutture dove far allenare ragazzi e prima squadra. \u00abAl Comune di Milano e alla Regione Lombardia &#8211; spiega il Presidente rossoblu &#8211; chiediamo tempi pi\u00f9 rapidi per individuare un luogo che ci consenta di realizzare in pochi mesi, non in anni, una pista per le giovanili, di supporto agli impianti esistenti per la prima squadra. E perch\u00e9 non pensare all\u2019area dove oggi si svolge Expo?\u00bb. Gi\u00e0 l&#8217;Expo.\u00a0Ci hanno scommesso\u00a0un po&#8217; tutti sull&#8217;Esposizione universale. Anche il triathlon. Ma anche qui\u00a0ci sono pive nel sacco. Il comunicato del <strong>Fresian Team<\/strong> che da due anni organizzava l&#8217;olimpico di Milano \u00e8 un necrologio. L \u2019associazione sportiva<span class=\"Apple-converted-space\">\u00a0<\/span><strong>Friesian Team<\/strong><span class=\"Apple-converted-space\">\u00a0<\/span>comunica che la terza edizione di<span class=\"Apple-converted-space\">\u00a0<\/span><strong><a href=\"mailto:Tri@MI\">Tri@MI<\/a>, il Triathlon Olimpico di Milano<\/strong><span class=\"Apple-converted-space\">\u00a0<\/span>in programma domenica 26 luglio \u00e8 stata annullata. \u00abOrganizzare per due anni un triathlon olimpico nel cuore di Milano \u00e8 stata una grande sfida, con qualche soddisfazione e molte problematiche da superare- spiega l&#8217;organizzatore <strong>Marco Zaffaroni<\/strong>&#8211; E e pensavamo che nell\u2019anno di Expo una manifestazione che unisse i Navigli, la Darsena, il Parco Sempione e l\u2019Arena Brera fosse una grande opportunit\u00e0 per la citt\u00e0. ma ci siamo trovati di fronte a difficolt\u00e0 logistiche sempre crescenti che, nostro malgrado, ci hanno portato alla decisione di cancellare la competizione&gt;. C&#8217;\u00e8 sport e sport, ma se non c&#8217;\u00e8 di mezzo un pallone, c&#8217;\u00e8 sport e &lt;sport minore&gt;. E allora devi solo raccomandarti l&#8217;anima ai santi&#8230;<\/p>\n","protected":false},"excerpt":{"rendered":"<p><p>C\u2019\u00e8 sport e sport ma alla fine, forse, c\u2019\u00e8 solo il calcio. E per quelli ingiustamente definiti \u00abminori\u00bb non tira un bella aria. Cos\u00ec dall&#8217;hockey al triathlon, per moti diversi forse (ma forse anche no) Milano cancella lo sport. E a farsi friggere tutti i bei discorsi sull&#8217;Expo, sugli investimenti, sulla sostenibilit\u00e0 che poi deve anche essere movimento e non\u00a0solo business e\u00a0vetrina per cuochi e ristoranti. Per\u00f2 c&#8217;\u00e8 crisi. Gli sponsor\u00a0 scappano e gli affitti delle strutture\u00a0pesano come macigni sui bilanci. E poi c&#8217;\u00e8 la burocrazia, c&#8217;\u00e8 un politica che ama lo sport solo quando c&#8217;\u00e8 una foto da fare, [&hellip;]<\/p>\n&nbsp;&nbsp;<div class=\"readmore\"><a href=\"https:\/\/blog.ilgiornale.it\/ruzzo\/2015\/06\/17\/dallhockey-al-triathlon-milano-cancella-lo-sport\/\">Continua a leggere...<\/a><\/div><\/p>","protected":false},"author":956,"featured_media":0,"comment_status":"open","ping_status":"closed","sticky":false,"template":"","format":"standard","meta":[],"categories":[1],"tags":[58788,58789,58790,32018,58787],"_links":{"self":[{"href":"https:\/\/blog.ilgiornale.it\/ruzzo\/wp-json\/wp\/v2\/posts\/16598"}],"collection":[{"href":"https:\/\/blog.ilgiornale.it\/ruzzo\/wp-json\/wp\/v2\/posts"}],"about":[{"href":"https:\/\/blog.ilgiornale.it\/ruzzo\/wp-json\/wp\/v2\/types\/post"}],"author":[{"embeddable":true,"href":"https:\/\/blog.ilgiornale.it\/ruzzo\/wp-json\/wp\/v2\/users\/956"}],"replies":[{"embeddable":true,"href":"https:\/\/blog.ilgiornale.it\/ruzzo\/wp-json\/wp\/v2\/comments?post=16598"}],"version-history":[{"count":1,"href":"https:\/\/blog.ilgiornale.it\/ruzzo\/wp-json\/wp\/v2\/posts\/16598\/revisions"}],"predecessor-version":[{"id":16599,"href":"https:\/\/blog.ilgiornale.it\/ruzzo\/wp-json\/wp\/v2\/posts\/16598\/revisions\/16599"}],"wp:attachment":[{"href":"https:\/\/blog.ilgiornale.it\/ruzzo\/wp-json\/wp\/v2\/media?parent=16598"}],"wp:term":[{"taxonomy":"category","embeddable":true,"href":"https:\/\/blog.ilgiornale.it\/ruzzo\/wp-json\/wp\/v2\/categories?post=16598"},{"taxonomy":"post_tag","embeddable":true,"href":"https:\/\/blog.ilgiornale.it\/ruzzo\/wp-json\/wp\/v2\/tags?post=16598"}],"curies":[{"name":"wp","href":"https:\/\/api.w.org\/{rel}","templated":true}]}}