{"id":167,"date":"2010-01-24T16:37:09","date_gmt":"2010-01-24T15:37:09","guid":{"rendered":"https:\/\/blog.ilgiornale.it\/ruzzo\/2010\/01\/24\/vertical-sprint-dold-e-la-vassalli-primi-sul-pirellone\/"},"modified":"2010-01-24T16:44:28","modified_gmt":"2010-01-24T15:44:28","slug":"vertical-sprint-dold-e-la-vassalli-primi-sul-pirellone","status":"publish","type":"post","link":"https:\/\/blog.ilgiornale.it\/ruzzo\/2010\/01\/24\/vertical-sprint-dold-e-la-vassalli-primi-sul-pirellone\/","title":{"rendered":"Vertical sprint, Dold e la Vassalli primi sul Pirellone"},"content":{"rendered":"<p>[photopress:emmevi__.JPG,full,alignright]\u00c9 stato Roberto Formigoni a dare il via con la classica bandiera della Regione. Una schioppettata\u00bb, una manciata di minuti e lo specialista tedesco Thomas Dold era gi\u00e0 al traguardo in cima al Pirellone. I palazzi della Regione Lombardia, Pirelli e Altra Sede, hanno ospitato questa mattina la Vertical Sprint che ha inaugurato la stagione mondiale di skyrunning il campionato che porta gli atleti a sfidarsi sui pi\u00f9 alti grattacieli del mondo, dall\u2019Empire di New York alle torri di Dubai. Quest\u2019anno per\u00f2 a Milano \u00e8 stata gara \u00abdoppia\u00bb perch\u00e9 alla tradizionale scalata sui 710 gradini del grattacielo di Gio Ponti (127 metri) si \u00e8 aggiunta la manche a cronometro sugli 866 gradini del nuovo edificio di Pei, Cobb e Caputo (161 metri). In totale 288 metri e 1576 gradini di una \u00abcombinata\u00bb che il campione mondiale tedesco Thomas Dold ha fatto sua in 7&#8217;45\u00a0 per la gara maschile, mentre la bergamasca Daniela Vassalli ha dominato la gara femminile in 9&#8217;58&#8221; complessivi. \u00abPer noi, in Italia &#8211; ha sottolineato Formigoni &#8211; \u00e8 la quarta edizione della Vertical Sprint. Con le prime tre, la salita al Grattacielo Pirelli si \u00e8 affermata come una tappa importante e obbligata del circuito mondiale di questa specialit\u00e0. Con questa edizione anche il nuovo edificio, i cui lavori di costruzione si sono appena conclusi, viene posto sulla ribalta mondiale\u00bb. Thomas Dold ha preceduto l&#8217;italiano (di Santa Maria Rezzonico sul lago di Como) Fabio Ruga (8&#8217;02&#8221;) e lo spagnolo August\u00ec Roc (8&#8217;13&#8221;), mentre dietro la Vassalli si sono piazzate la neozelandese Anna Frost (10&#8217;23&#8221;) e l&#8217;inglese Natalie White (10&#8217;46&#8221;). Sentito l\u2019applauso di Formigoni a Daniela Vassalli. L\u2019azzurra \u00e8 mamma e infermiera all&#8217;ospedale di Bergamo \u00e8 fuoriclasse indiscussa di corsa in montagna, campionessa del mondo in carica di Vertical Sprint, specialit\u00e0 nella quale lo scorso anno ha trionfato a Milano, Barcellona e Berlino ed \u00e8 arrivata seconda a New York (Empire State Building)<\/p>\n","protected":false},"excerpt":{"rendered":"<p><p>[photopress:emmevi__.JPG,full,alignright]\u00c9 stato Roberto Formigoni a dare il via con la classica bandiera della Regione. Una schioppettata\u00bb, una manciata di minuti e lo specialista tedesco Thomas Dold era gi\u00e0 al traguardo in cima al Pirellone. I palazzi della Regione Lombardia, Pirelli e Altra Sede, hanno ospitato questa mattina la Vertical Sprint che ha inaugurato la stagione mondiale di skyrunning il campionato che porta gli atleti a sfidarsi sui pi\u00f9 alti grattacieli del mondo, dall\u2019Empire di New York alle torri di Dubai. Quest\u2019anno per\u00f2 a Milano \u00e8 stata gara \u00abdoppia\u00bb perch\u00e9 alla tradizionale scalata sui 710 gradini del grattacielo di Gio Ponti [&hellip;]<\/p>\n&nbsp;&nbsp;<div class=\"readmore\"><a href=\"https:\/\/blog.ilgiornale.it\/ruzzo\/2010\/01\/24\/vertical-sprint-dold-e-la-vassalli-primi-sul-pirellone\/\">Continua a leggere...<\/a><\/div><\/p>","protected":false},"author":956,"featured_media":0,"comment_status":"open","ping_status":"closed","sticky":false,"template":"","format":"standard","meta":[],"categories":[1],"tags":[],"_links":{"self":[{"href":"https:\/\/blog.ilgiornale.it\/ruzzo\/wp-json\/wp\/v2\/posts\/167"}],"collection":[{"href":"https:\/\/blog.ilgiornale.it\/ruzzo\/wp-json\/wp\/v2\/posts"}],"about":[{"href":"https:\/\/blog.ilgiornale.it\/ruzzo\/wp-json\/wp\/v2\/types\/post"}],"author":[{"embeddable":true,"href":"https:\/\/blog.ilgiornale.it\/ruzzo\/wp-json\/wp\/v2\/users\/956"}],"replies":[{"embeddable":true,"href":"https:\/\/blog.ilgiornale.it\/ruzzo\/wp-json\/wp\/v2\/comments?post=167"}],"version-history":[{"count":0,"href":"https:\/\/blog.ilgiornale.it\/ruzzo\/wp-json\/wp\/v2\/posts\/167\/revisions"}],"wp:attachment":[{"href":"https:\/\/blog.ilgiornale.it\/ruzzo\/wp-json\/wp\/v2\/media?parent=167"}],"wp:term":[{"taxonomy":"category","embeddable":true,"href":"https:\/\/blog.ilgiornale.it\/ruzzo\/wp-json\/wp\/v2\/categories?post=167"},{"taxonomy":"post_tag","embeddable":true,"href":"https:\/\/blog.ilgiornale.it\/ruzzo\/wp-json\/wp\/v2\/tags?post=167"}],"curies":[{"name":"wp","href":"https:\/\/api.w.org\/{rel}","templated":true}]}}