{"id":16806,"date":"2015-07-15T18:01:18","date_gmt":"2015-07-15T16:01:18","guid":{"rendered":"https:\/\/blog.ilgiornale.it\/ruzzo\/?p=16806"},"modified":"2015-07-15T18:01:18","modified_gmt":"2015-07-15T16:01:18","slug":"nibali-perde-il-tour-e-la-parola","status":"publish","type":"post","link":"https:\/\/blog.ilgiornale.it\/ruzzo\/2015\/07\/15\/nibali-perde-il-tour-e-la-parola\/","title":{"rendered":"Nibali perde il tour&#8230;e la parola"},"content":{"rendered":"<p>Nibali si stacca ancora e perde il suo tour. Pazienza. Non si pu\u00f2 sempre vincere. Ogni tanto bisogna rendere omaggio agli avversari se sono pi\u00f9 forti. E&#8217; la legge dello sport. Ma non \u00e8 Nibali che si stacca in salita a non convincere. Sinceramente convince meno il campione muto visto al traguardo davanti al microfono che gentilmente Andrea De Luca della Rai gli ha porto per chiedergli cosa fosse successo. Cosa c&#8217;\u00e8 che non va quest&#8217;anno. Perch\u00e9 in corsa lo &#8220;squalo&#8221; ammirato lo scorso anno non si riesca a vedere. Domande. \u00a0Domande che si stanno facendo un po&#8217; tutti gli italiani perch\u00e9 Vincenzo e&#8217; un campione nazionale e , soprattutto, un campione amato. Abbiamo apprezzato la sua semplicit\u00e0 , abbiamo apprezzato il suo genunino imbarazzo sul palco dell&#8217;Ariston ospite del festival di Sanremo, abbiamo apprezzato la sua disponibilit\u00e0 e la \u00a0sua educazione un po&#8217; antica. \u00a0Non c&#8217;\u00e8 polemica che tenga per giustificare un silenzio. Troppa pressione? Fa parte del gioco. Fa parte del copione che suo malgrado deve recitare uno dei favoriti del Tour de France. I no comment e i silenzi stampa Nibali li lasci \u00a0ai campioni di qualche altro sport. \u00a0Anche perch\u00e9 \u00a0sta correndo il suo Tour con la maglia tricolore e qualcosa vorr\u00e0 pur dire. Qualche spiegazione \u00a0a tutti gli italiani che stanno facendo il tifo per lui il capitano dell&#8217;Astana la deve dare. \u00a0Ma non per giustificarsi, ci mancherebbe. E chiaro che sta facendo tutto ci\u00f2 che pu\u00f2. Ma tifosi ci sono sempre. Sia quando le cose vanno come devono andare, sia quando vanno male. \u00a0Anzi forse ci sono di pi\u00f9 nei momenti di difficolt\u00e0. Per\u00f2 bisogna trovare la forza di non scappare via.<\/p>\n","protected":false},"excerpt":{"rendered":"<p><p>Nibali si stacca ancora e perde il suo tour. Pazienza. Non si pu\u00f2 sempre vincere. Ogni tanto bisogna rendere omaggio agli avversari se sono pi\u00f9 forti. E&#8217; la legge dello sport. Ma non \u00e8 Nibali che si stacca in salita a non convincere. Sinceramente convince meno il campione muto visto al traguardo davanti al microfono che gentilmente Andrea De Luca della Rai gli ha porto per chiedergli cosa fosse successo. Cosa c&#8217;\u00e8 che non va quest&#8217;anno. Perch\u00e9 in corsa lo &#8220;squalo&#8221; ammirato lo scorso anno non si riesca a vedere. Domande. \u00a0Domande che si stanno facendo un po&#8217; tutti gli [&hellip;]<\/p>\n&nbsp;&nbsp;<div class=\"readmore\"><a href=\"https:\/\/blog.ilgiornale.it\/ruzzo\/2015\/07\/15\/nibali-perde-il-tour-e-la-parola\/\">Continua a leggere...<\/a><\/div><\/p>","protected":false},"author":956,"featured_media":0,"comment_status":"open","ping_status":"closed","sticky":false,"template":"","format":"standard","meta":[],"categories":[1],"tags":[],"_links":{"self":[{"href":"https:\/\/blog.ilgiornale.it\/ruzzo\/wp-json\/wp\/v2\/posts\/16806"}],"collection":[{"href":"https:\/\/blog.ilgiornale.it\/ruzzo\/wp-json\/wp\/v2\/posts"}],"about":[{"href":"https:\/\/blog.ilgiornale.it\/ruzzo\/wp-json\/wp\/v2\/types\/post"}],"author":[{"embeddable":true,"href":"https:\/\/blog.ilgiornale.it\/ruzzo\/wp-json\/wp\/v2\/users\/956"}],"replies":[{"embeddable":true,"href":"https:\/\/blog.ilgiornale.it\/ruzzo\/wp-json\/wp\/v2\/comments?post=16806"}],"version-history":[{"count":1,"href":"https:\/\/blog.ilgiornale.it\/ruzzo\/wp-json\/wp\/v2\/posts\/16806\/revisions"}],"predecessor-version":[{"id":16807,"href":"https:\/\/blog.ilgiornale.it\/ruzzo\/wp-json\/wp\/v2\/posts\/16806\/revisions\/16807"}],"wp:attachment":[{"href":"https:\/\/blog.ilgiornale.it\/ruzzo\/wp-json\/wp\/v2\/media?parent=16806"}],"wp:term":[{"taxonomy":"category","embeddable":true,"href":"https:\/\/blog.ilgiornale.it\/ruzzo\/wp-json\/wp\/v2\/categories?post=16806"},{"taxonomy":"post_tag","embeddable":true,"href":"https:\/\/blog.ilgiornale.it\/ruzzo\/wp-json\/wp\/v2\/tags?post=16806"}],"curies":[{"name":"wp","href":"https:\/\/api.w.org\/{rel}","templated":true}]}}