{"id":171,"date":"2010-01-28T17:17:26","date_gmt":"2010-01-28T16:17:26","guid":{"rendered":"https:\/\/blog.ilgiornale.it\/ruzzo\/2010\/01\/28\/maratona-di-roma-piu-straniera-che-capoccia\/"},"modified":"2010-01-28T17:23:13","modified_gmt":"2010-01-28T16:23:13","slug":"maratona-di-roma-piu-straniera-che-capoccia","status":"publish","type":"post","link":"https:\/\/blog.ilgiornale.it\/ruzzo\/2010\/01\/28\/maratona-di-roma-piu-straniera-che-capoccia\/","title":{"rendered":"Maratona di Roma pi\u00f9 straniera che capoccia&#8230;"},"content":{"rendered":"<p>Roma capoccia? Non proprio, il 21 marzo nella capitale si parler\u00e0 straniero.\u00a0Non \u00e8 una notizia che merita un titolo, visto che tutto l&#8217;anno la citt\u00e0 \u00e8 invasa da turisti che arrivano da ogni parte del mondo. Ma siccome qui spesso si parla di maratona, il fatto che a un mese dalla scadenza\u00a0 delle iscrizioni\u00a0sia gi\u00e0\u00a0stato\u00a0superato il record di iscritti\u00a0non italiani \u00a0alla gara merita un cenno. Nel 2007, anno della massima partecipazione straniera, furono\u00a0 6.109 gli atleti al via, lo scorso anno 5993: ad oggi sono gi\u00e0 6.136.\u00a0 In previsione dunque, la partecipazione estera potrebbe toccare quota\u00a0 7mila.\u00a0 Per il nostro Paese si tratta di un record: mai una competizione sportiva ha fatto registrare un simile exploit. Ed \u00e8 ovviamente un buon segno per Roma innanzitutto, ma anche per tutti gli organizzatori\u00a0che scommettono sulle maratone\u00a0come evento\u00a0agonistico capace di attirare atleti e turisti. Firenze e Venezia sono\u00a0sulla stessa strada della capitale da qualche anno e Milano prover\u00e0 ad accordarsi. Ma torniamo a Roma. Al momento\u00a0 sono 12.148 gli iscritti\u00a0 alla 16esima edizione della maratona\u00a0dedicata quest&#8217;anno alla leggendaria\u00a0 impresa di Abebe Bikila che ai Giochi Olimpici di Roma 1960 vinse la\u00a0 maratona a piedi nudi. Manca poco meno di un mese alla chiusura delle iscrizioni,\u00a0 con tutta probabilit\u00e0 si annuncia\u00a0un nuovo record di partecipanti.<\/p>\n","protected":false},"excerpt":{"rendered":"<p><p>Roma capoccia? Non proprio, il 21 marzo nella capitale si parler\u00e0 straniero.\u00a0Non \u00e8 una notizia che merita un titolo, visto che tutto l&#8217;anno la citt\u00e0 \u00e8 invasa da turisti che arrivano da ogni parte del mondo. Ma siccome qui spesso si parla di maratona, il fatto che a un mese dalla scadenza\u00a0 delle iscrizioni\u00a0sia gi\u00e0\u00a0stato\u00a0superato il record di iscritti\u00a0non italiani \u00a0alla gara merita un cenno. Nel 2007, anno della massima partecipazione straniera, furono\u00a0 6.109 gli atleti al via, lo scorso anno 5993: ad oggi sono gi\u00e0 6.136.\u00a0 In previsione dunque, la partecipazione estera potrebbe toccare quota\u00a0 7mila.\u00a0 Per il nostro [&hellip;]<\/p>\n&nbsp;&nbsp;<div class=\"readmore\"><a href=\"https:\/\/blog.ilgiornale.it\/ruzzo\/2010\/01\/28\/maratona-di-roma-piu-straniera-che-capoccia\/\">Continua a leggere...<\/a><\/div><\/p>","protected":false},"author":956,"featured_media":0,"comment_status":"open","ping_status":"closed","sticky":false,"template":"","format":"standard","meta":[],"categories":[1],"tags":[],"_links":{"self":[{"href":"https:\/\/blog.ilgiornale.it\/ruzzo\/wp-json\/wp\/v2\/posts\/171"}],"collection":[{"href":"https:\/\/blog.ilgiornale.it\/ruzzo\/wp-json\/wp\/v2\/posts"}],"about":[{"href":"https:\/\/blog.ilgiornale.it\/ruzzo\/wp-json\/wp\/v2\/types\/post"}],"author":[{"embeddable":true,"href":"https:\/\/blog.ilgiornale.it\/ruzzo\/wp-json\/wp\/v2\/users\/956"}],"replies":[{"embeddable":true,"href":"https:\/\/blog.ilgiornale.it\/ruzzo\/wp-json\/wp\/v2\/comments?post=171"}],"version-history":[{"count":0,"href":"https:\/\/blog.ilgiornale.it\/ruzzo\/wp-json\/wp\/v2\/posts\/171\/revisions"}],"wp:attachment":[{"href":"https:\/\/blog.ilgiornale.it\/ruzzo\/wp-json\/wp\/v2\/media?parent=171"}],"wp:term":[{"taxonomy":"category","embeddable":true,"href":"https:\/\/blog.ilgiornale.it\/ruzzo\/wp-json\/wp\/v2\/categories?post=171"},{"taxonomy":"post_tag","embeddable":true,"href":"https:\/\/blog.ilgiornale.it\/ruzzo\/wp-json\/wp\/v2\/tags?post=171"}],"curies":[{"name":"wp","href":"https:\/\/api.w.org\/{rel}","templated":true}]}}