{"id":172,"date":"2010-01-30T15:52:48","date_gmt":"2010-01-30T14:52:48","guid":{"rendered":"https:\/\/blog.ilgiornale.it\/ruzzo\/2010\/01\/30\/milano-senza-auto-la-moratti-se-ne-ricordi-anche-per-la-maratona\/"},"modified":"2010-01-30T17:15:02","modified_gmt":"2010-01-30T16:15:02","slug":"milano-senza-auto-la-moratti-se-ne-ricordi-anche-per-la-maratona","status":"publish","type":"post","link":"https:\/\/blog.ilgiornale.it\/ruzzo\/2010\/01\/30\/milano-senza-auto-la-moratti-se-ne-ricordi-anche-per-la-maratona\/","title":{"rendered":"Blocco auto. La Moratti se ne ricordi  per la maratona"},"content":{"rendered":"<p>Domani a Milano si potr\u00e0 correre senza auto. Finalmente verrebbe da dire&#8230;E invece no. Sono bastate un centinaio di\u00a0mamme anti-smog per strappare al sindaco una domenica ecologica. Certo, erano diciotto giorni che le polveri superavano i limiti ma non era neppure la prima volta. E se si\u00a0considerano i dati del Pm10 in citt\u00e0 negli ultimi 30anni va anche detto\u00a0 che si \u00e8 passati da concentrazioni\u00a0 275\u00a0microgrammi al metro cubo a valori che oggi oscillano tra i 60 e i 100 microgrammi. I dati non me li invento io ma li ha forniti ieri a mio giornale\u00a0l&#8217;Arpa, che \u00e8 l&#8217;Ente\u00a0autorizzato a fare i rilevamenti in questa materia. Ci\u00f2 non toglie che respiriamo robaccia, soprattutto quando corriamo. \u00a0Perch\u00e8 allora\u00a0non sono felice della domenica antismog di domani? Innanzitutto perch\u00e8 \u00e8 demagogia allo stato puro. Otto ore di blocco auto in una giornata in cui le auto sono gi\u00e0 meno della met\u00e0\u00a0con deroghe a mezzo mondo, compresi i bus dei tifosi che\u00a0 vanno all stadio non cambieranno assolutamente nulla. Se non la domenica di chi lavora tutta la settimana e magari aveva voglia di muoversi in auto, perche no? Per\u00f2 le mamme antismog saranno felici e sar\u00e0 felice anche il sindaco che dimostrer\u00e0, una volta di pi\u00f9, che il Comune non si tira indietro quando si tratta di tutelare la salute dei cittadini. E le caldaie, che restano il vero problema di questa citt\u00e0? Basta la solita, sventolata &lt;task force&gt; a controllare impianti vecchi e inquinanti? O ci accontentiamo di un bollino blu che altro non \u00e8 se non una delle tante procedure burocratiche antinquinamento. Il nocciolo \u00e8 tutto \u00a0qui. Ma cominciare a pensare ad una politica che concretamente promuova fonti di riscaldamento alternativo? Il secondo motivo per cui &#8216;sto blocco mi fa infuriare riguarda da vicino la corsa. Per anni, \u00a0cinque, sei, \u00a0settemila runners hanno sperato in una domenica ecologica nel giorno della maratona. Nulla. Non se li \u00e8 filati nessuno. Ma forse non avevano l&#8217;appeal di queste agguerrite mammine ecologiche a cui tanto spazio ha dedicato il Corriere della sera sulla deriva catastrofista del &lt;moriremo tutti per smog&#8230;&gt;.\u00a0Vabb\u00e8, ce ne faremo una ragione ma speriamo almeno\u00a0che il sindaco se ne ricordi ad aprile quando ci sar\u00e0 la maratona. Domani intanto corsa libera nelle strade del centro, ma non ci giurerei. Perch\u00e8 tra deroghe, raccomandati, furbini e furbetti sono pronto a scommettere che Milano non sar\u00e0 cos\u00ec deserta.<\/p>\n","protected":false},"excerpt":{"rendered":"<p><p>Domani a Milano si potr\u00e0 correre senza auto. Finalmente verrebbe da dire&#8230;E invece no. Sono bastate un centinaio di\u00a0mamme anti-smog per strappare al sindaco una domenica ecologica. Certo, erano diciotto giorni che le polveri superavano i limiti ma non era neppure la prima volta. E se si\u00a0considerano i dati del Pm10 in citt\u00e0 negli ultimi 30anni va anche detto\u00a0 che si \u00e8 passati da concentrazioni\u00a0 275\u00a0microgrammi al metro cubo a valori che oggi oscillano tra i 60 e i 100 microgrammi. I dati non me li invento io ma li ha forniti ieri a mio giornale\u00a0l&#8217;Arpa, che \u00e8 l&#8217;Ente\u00a0autorizzato a [&hellip;]<\/p>\n&nbsp;&nbsp;<div class=\"readmore\"><a href=\"https:\/\/blog.ilgiornale.it\/ruzzo\/2010\/01\/30\/milano-senza-auto-la-moratti-se-ne-ricordi-anche-per-la-maratona\/\">Continua a leggere...<\/a><\/div><\/p>","protected":false},"author":956,"featured_media":0,"comment_status":"open","ping_status":"closed","sticky":false,"template":"","format":"standard","meta":[],"categories":[1],"tags":[],"_links":{"self":[{"href":"https:\/\/blog.ilgiornale.it\/ruzzo\/wp-json\/wp\/v2\/posts\/172"}],"collection":[{"href":"https:\/\/blog.ilgiornale.it\/ruzzo\/wp-json\/wp\/v2\/posts"}],"about":[{"href":"https:\/\/blog.ilgiornale.it\/ruzzo\/wp-json\/wp\/v2\/types\/post"}],"author":[{"embeddable":true,"href":"https:\/\/blog.ilgiornale.it\/ruzzo\/wp-json\/wp\/v2\/users\/956"}],"replies":[{"embeddable":true,"href":"https:\/\/blog.ilgiornale.it\/ruzzo\/wp-json\/wp\/v2\/comments?post=172"}],"version-history":[{"count":0,"href":"https:\/\/blog.ilgiornale.it\/ruzzo\/wp-json\/wp\/v2\/posts\/172\/revisions"}],"wp:attachment":[{"href":"https:\/\/blog.ilgiornale.it\/ruzzo\/wp-json\/wp\/v2\/media?parent=172"}],"wp:term":[{"taxonomy":"category","embeddable":true,"href":"https:\/\/blog.ilgiornale.it\/ruzzo\/wp-json\/wp\/v2\/categories?post=172"},{"taxonomy":"post_tag","embeddable":true,"href":"https:\/\/blog.ilgiornale.it\/ruzzo\/wp-json\/wp\/v2\/tags?post=172"}],"curies":[{"name":"wp","href":"https:\/\/api.w.org\/{rel}","templated":true}]}}