{"id":17460,"date":"2015-10-11T13:49:35","date_gmt":"2015-10-11T11:49:35","guid":{"rendered":"https:\/\/blog.ilgiornale.it\/ruzzo\/?p=17460"},"modified":"2015-10-12T18:42:31","modified_gmt":"2015-10-12T16:42:31","slug":"la-granfondo-di-roma-non-finisce-qui","status":"publish","type":"post","link":"https:\/\/blog.ilgiornale.it\/ruzzo\/2015\/10\/11\/la-granfondo-di-roma-non-finisce-qui\/","title":{"rendered":"La Granfondo di Roma? Non finisce qui&#8230;"},"content":{"rendered":"<p><a href=\"https:\/\/blog.ilgiornale.it\/ruzzo\/files\/2015\/10\/romagf.jpg\"><img loading=\"lazy\" class=\"alignleft size-medium wp-image-17465\" src=\"https:\/\/blog.ilgiornale.it\/ruzzo\/files\/2015\/10\/romagf-300x231.jpg\" alt=\"romagf\" width=\"300\" height=\"231\" \/><\/a>&#8220;La Granfondo di Roma non finisce qui&#8230;&#8221; . Sembra una minaccia, \u00a0in realt\u00e0 l&#8217;organizzatore <strong>Gianluca Santilli<\/strong> ha grandi progetti per la <strong>Granfondo Campagnolo<\/strong> che oggi alla sua quarta edizione \u00a0ha portato al via un fiume di ciclisti che dal cuore della capitale hanno pedalato nel&#8217;entroterra dei castelli \u00a0per poi far ritorno in centro. Oltre cinquemila sui tre tracciati da 120 km, \u00a0da 60 per la cicloturistica \u00a0e dell&#8217;Imperiale. la gara storica che ha visto in gara anche<strong> Francesco Moser, <\/strong>uno per cui il tempo sembra non passare mai<strong>.<\/strong> Tanti da Roma e dintorni ma tanti, molti di pi\u00f9 dalle altri parti d&#8217;italia e soprattutto dall&#8217;estero. Perch\u00e8 Roma \u00e8 Roma nonostante la pioggia e perch\u00e8 la<strong> Campagnolo<\/strong> ormai \u00e8 una gara che conta, una vera e propia festa di ciclismo internazionale. Ci sono pettorali \u00a0e classifiche per\u00f2 non vince chi arriva primo al traguardo ma chi fa i migliori tempi sulle quattro salite della gara. Un po&#8217; come succede all&#8217;estero, in Svizzera e in Francia tanto per fare qualche esempio. Vince chi va pi\u00f9 forte sulle rampe, conta il tempo ma senza prendere rischi inutili in discesa, senza l&#8217;esasperazione di star davanti per forza perch\u00e8 le granfondo sono \u00a0soprattutto pedalate dove ci si deve divertire e Roma vuol essere l&#8217;esempio. \u00a0Ed \u00e8 un bel correre. Senza lo stress da prestazione che \u00e8 un febbre contagiosa, senza l&#8217;ansia di dover competere. Il resto lo fanno Roma, l&#8217;entroterra meraviglioso dei castelli, gli strappi di Rocca di Papa e \u00a0Rocca Priora oggi avvolte nelle nebbia ma che capaci di regalare uno sguardo \u00a0su Roma baciata dal sole assolutamente indimenticabile. \u00a0&#8221; S\u00ec lo spirito \u00e8 proprio questo- spiega<strong>\u00a0<\/strong>l&#8217;avvocato<strong> Santilli<\/strong>&#8211; \u00a0E lo dico da pentito perch\u00e8 anche io \u00a0sono un ciclista di quelli accaniti, di quelli che la prima cosa che fanno quando arrivano al traguardo vanno a vedere le classifiche. Ma \u00a0mi sono reso conto che bisognava fare in modo di stemperare quell&#8217;esasperazione che ormai c&#8217;\u00e8 in quasi tutte le gare. \u00a0Troppo spesso le granfondo sono diventate terreno di caccia per professionisti in disarmo, che sono scarsi professionisti ma ottimi amatori. Che vengono in queste gare per vincere i premi e che si portano in scia anche tanti amatori in cerca di gloria e disposti a tutto. E quando dico disposti a tutto parlo come ex procuratore federale dell&#8217;antidoping che conosce le indagini . Cos\u00ec volevo una corsa che fosse qualcos&#8217; altro, che fosse per tutti un giornata di sport senza la frenesia di arrivare davanti a tutti i costi&#8221;. E cos\u00ec sono stati messi i paletti. Sono state fissate le regole\u00a0per una Granfondo che \u00e8 entrata dalla porta principale \u00a0nella<strong> Wace,<\/strong> la<strong> World Association of Cycling Events,<\/strong> che raccoglie le gare pi\u00f9 importanti in un circuito destinato a crescere. Da Londra a New York a Citt\u00e0 del Capo, dalla Vattern Rundam in Svezia all&#8217;etape du Tour in Francia. E Roma ovviamente, con regole che un po&#8217; la differenza la fanno perch\u00e8 qui la&#8217;ria \u00e8 un po&#8217; diversa e non c&#8217;entra il Ponentino. Qui c&#8217;\u00e8 un &#8220;no&#8221; alla partecipazione degli ex professionisti che possono correre ma non fare classifica se non dopo almeno quattro anni dal ritiro e c&#8217;\u00e8 l&#8217;obbligo di usare in gara la \u00a0maglia ufficiale della granfondo. &#8220;S\u00ec anche questa \u00e8 una scelta precisa- spiega<strong> Santilli<\/strong>&#8211; \u00a0Per un motivo di semplicit\u00e0 nostra nel controllo della corsa ma anche perch\u00e8 non volevamo battaglie per star davanti a conquistarsi le immagini tv con le maglie delle squadre&#8221;. E il colpo d&#8217;occhio del gruppone tutto verde \u00e8 anche un bel vedere. E&#8217; anche un &#8220;marchio&#8221; che \u00a0proprio grazie alla Wace nei prossimi anni \u00e8 gi\u00e0 pronto per diventare un Challenge, un circuito di gare internazionali con tanto di premi, diplomi e maglie dedicate per chi lo porter\u00e0 a termine. \u00a0&#8221; Anche se la vera sfida della Granfondo di Roma \u00e8 un&#8217;altra ancora- spiega<strong> Santilli<\/strong>, \u00a0oggi responsabile anche \u00a0del settore amatoriale della Federciclismo- \u00a0La sfida \u00e8 quella di dimostrare che anche una citt\u00e0 come Roma pu\u00f2 essere un citt\u00e0 ciclabile e che anche qui e sulle strade dei Castelli si pu\u00f2 fare del cicloturismo che \u00e8 poi la direzione che in Europa sta prendendo il ciclismo. \u00a0L&#8217;idea \u00e8 quella di creare un circuito di alberghi, locali bike friendly e di organizzare giornate dedicate ala bici magari chiudendo per qualche ore tratti di strade che portano in localit\u00e0 che meritano una gita. E qui non mancano. C&#8217;\u00e8 chi crede sia un impossibile? \u00a0Pu\u00f2 darsi. Oggi per\u00f2 Roma ha chiuso il traffico per tre ore lasciando via libera alle biciclette. E qualcosa vorra pur dire&#8230;&#8221;<\/p>\n","protected":false},"excerpt":{"rendered":"<p><p>&#8220;La Granfondo di Roma non finisce qui&#8230;&#8221; . Sembra una minaccia, \u00a0in realt\u00e0 l&#8217;organizzatore Gianluca Santilli ha grandi progetti per la Granfondo Campagnolo che oggi alla sua quarta edizione \u00a0ha portato al via un fiume di ciclisti che dal cuore della capitale hanno pedalato nel&#8217;entroterra dei castelli \u00a0per poi far ritorno in centro. Oltre cinquemila sui tre tracciati da 120 km, \u00a0da 60 per la cicloturistica \u00a0e dell&#8217;Imperiale. la gara storica che ha visto in gara anche Francesco Moser, uno per cui il tempo sembra non passare mai. Tanti da Roma e dintorni ma tanti, molti di pi\u00f9 dalle altri [&hellip;]<\/p>\n&nbsp;&nbsp;<div class=\"readmore\"><a href=\"https:\/\/blog.ilgiornale.it\/ruzzo\/2015\/10\/11\/la-granfondo-di-roma-non-finisce-qui\/\">Continua a leggere...<\/a><\/div><\/p>","protected":false},"author":956,"featured_media":0,"comment_status":"open","ping_status":"closed","sticky":false,"template":"","format":"standard","meta":[],"categories":[1],"tags":[80765,14402,80764,80766],"_links":{"self":[{"href":"https:\/\/blog.ilgiornale.it\/ruzzo\/wp-json\/wp\/v2\/posts\/17460"}],"collection":[{"href":"https:\/\/blog.ilgiornale.it\/ruzzo\/wp-json\/wp\/v2\/posts"}],"about":[{"href":"https:\/\/blog.ilgiornale.it\/ruzzo\/wp-json\/wp\/v2\/types\/post"}],"author":[{"embeddable":true,"href":"https:\/\/blog.ilgiornale.it\/ruzzo\/wp-json\/wp\/v2\/users\/956"}],"replies":[{"embeddable":true,"href":"https:\/\/blog.ilgiornale.it\/ruzzo\/wp-json\/wp\/v2\/comments?post=17460"}],"version-history":[{"count":7,"href":"https:\/\/blog.ilgiornale.it\/ruzzo\/wp-json\/wp\/v2\/posts\/17460\/revisions"}],"predecessor-version":[{"id":17482,"href":"https:\/\/blog.ilgiornale.it\/ruzzo\/wp-json\/wp\/v2\/posts\/17460\/revisions\/17482"}],"wp:attachment":[{"href":"https:\/\/blog.ilgiornale.it\/ruzzo\/wp-json\/wp\/v2\/media?parent=17460"}],"wp:term":[{"taxonomy":"category","embeddable":true,"href":"https:\/\/blog.ilgiornale.it\/ruzzo\/wp-json\/wp\/v2\/categories?post=17460"},{"taxonomy":"post_tag","embeddable":true,"href":"https:\/\/blog.ilgiornale.it\/ruzzo\/wp-json\/wp\/v2\/tags?post=17460"}],"curies":[{"name":"wp","href":"https:\/\/api.w.org\/{rel}","templated":true}]}}