{"id":17498,"date":"2015-10-15T20:00:47","date_gmt":"2015-10-15T18:00:47","guid":{"rendered":"https:\/\/blog.ilgiornale.it\/ruzzo\/?p=17498"},"modified":"2015-10-15T20:00:47","modified_gmt":"2015-10-15T18:00:47","slug":"expo-e-lora-degli-ironman","status":"publish","type":"post","link":"https:\/\/blog.ilgiornale.it\/ruzzo\/2015\/10\/15\/expo-e-lora-degli-ironman\/","title":{"rendered":"Expo: \u00e8 l&#8217;ora degli ironman"},"content":{"rendered":"<p>E a una settimana da Kona tocca all&#8217;Expo.\u00a0 E cos\u00ec dopo una finale senza azzurri, anche se pi\u00f9 per un astruso sistema di\u00a0 qualificazione che\u00a0 per demeriti, l&#8217;Esposizione Universale offre\u00a0la sua vetrina mondiale a tre dei nostri migliori\u00a0 uomini\u00a0 d&#8217;acciaio. <strong>Daniel Fontana<\/strong> e <strong>Alessandro De Gasperi<\/strong> il loro nome nella storia di questa sfida lo hanno gi\u00e0 scritto. <strong>Ivan Risti<\/strong> sta &#8220;studiando&#8221;\u00a0 per provarci. Domani sera\u00a0 i tre cercheranno di spiegare a parole, ma non solo a parole, cosa significhi cimentarsi in un\u00a0 <strong>Ironman<\/strong>, cosa significhi\u00a0pensarlo, prepararlo e poi\u00a0farlo con i suoi quasi 4chilometri di nuoto, i 180 chilometri in bicicletta e i 42 chilometri di corsa della maratona finale. Non a caso l&#8217;Ironman \u00e8 diventato in questi anni un gara mito, una sfida epica che solletica le velleit\u00e0 e i sogni di tanti triatleti alla ricerca di una sfida pi\u00f9 con se stessi che con gli\u00a0 avversari, alla ricerca\u00a0dei propri limiti per vedere fino a che punto a volte si pu\u00f2 ancora alzare l&#8217;asticella.<strong>\u00a0 <\/strong>In Piazza <span class=\"il\">Beretta<\/span> domani a cominciare dalle 17 si racconteranno un po&#8217; tutte queste cose. <strong>Daniel Fontana, Alessandro Degasperi e Ivan Risti <\/strong>proveranno a spiegare quale sia la scintilla o quale la follia, come ci si avvicina,\u00a0 come ci si prepara e cosa, al di la delle suggestioni, poi \u00e8 davvero una gara cosi lunga e difficile. Ma sar\u00e0 una giornata dedicata alle parole e anche allo sport\u00a0e chi vorr\u00e0 potr\u00e0 anchea sfidare i campioni su un Elite Real Turbo Muin, simulatore di gara su bike che riproduce la durezza dei percorsi di strada. I vincitori \u00a0saranno premiati durante il consueto Aperitivo in Musica del venerd\u00ec, che seguir\u00e0 il talk, alle ore 18, con i campioni, condotto<strong> Stefano Vegliani. \u00a0Un<\/strong> incontro in cui i tre campioni racconteranno se stessi, le loro vite e le loro imprese sportive da \u201cpersone normali: \u00a0\u201cCi chiamano Ironman ma i nostri sono muscoli normali-\u00a0 scherza Ivan Risti, atleta del quale il Salumificio Fratelli <span class=\"il\">Beretta<\/span> \u00e8 sponsor da diversi anni-\u00a0attenzione, costanza, allenamento e sana alimentazione, e chiunque pu\u00f2 superare i propri limiti, anche quelli che sembrano pi\u00f9 distanti\u201d.\u00a0 I tre azzurri si sono cimentati sulla distanza dell&#8217; Ironman dopo aver partecipato alle pi\u00f9 importanti competizioni nazionali ed internazionali. <strong>Fontana<\/strong>, ex olimpico di Atene 2004 e Pechino 2008, \u00e8 stato il primo italiano ad ottenere la vittoria in una competizione Ironman nel 2014, ad Ironman Los Cabos e ad oggi detiene la miglior prestazione Ironman italiana con il tempo di 8h05&#8217;48&#8221;. <strong>\u00a0Degasperi<\/strong>, ex nazionale Triathlon, nel 2012 ha vinto l\u2019Ironman 70.3 di Zell Am See \u2013 Austria\u00a0e quest&#8217;anno l&#8217;Ironman Lanzarote, divenendo uno dei tre italiani con<strong> Domenico Passuello <\/strong>che ha vinto a Taiwan \u00a0ad aver trionfato in una prova del circuito Ironman. <strong>Risti<\/strong>, infine, anch\u2019egli ex nazionale di Thriatlon, ha ad oggi disputato tre competizioni Ironman conquistando due top 10 a Frtaleza i Brasile e a Vichy in Francia<\/p>\n","protected":false},"excerpt":{"rendered":"<p><p>E a una settimana da Kona tocca all&#8217;Expo.\u00a0 E cos\u00ec dopo una finale senza azzurri, anche se pi\u00f9 per un astruso sistema di\u00a0 qualificazione che\u00a0 per demeriti, l&#8217;Esposizione Universale offre\u00a0la sua vetrina mondiale a tre dei nostri migliori\u00a0 uomini\u00a0 d&#8217;acciaio. Daniel Fontana e Alessandro De Gasperi il loro nome nella storia di questa sfida lo hanno gi\u00e0 scritto. Ivan Risti sta &#8220;studiando&#8221;\u00a0 per provarci. Domani sera\u00a0 i tre cercheranno di spiegare a parole, ma non solo a parole, cosa significhi cimentarsi in un\u00a0 Ironman, cosa significhi\u00a0pensarlo, prepararlo e poi\u00a0farlo con i suoi quasi 4chilometri di nuoto, i 180 chilometri in [&hellip;]<\/p>\n&nbsp;&nbsp;<div class=\"readmore\"><a href=\"https:\/\/blog.ilgiornale.it\/ruzzo\/2015\/10\/15\/expo-e-lora-degli-ironman\/\">Continua a leggere...<\/a><\/div><\/p>","protected":false},"author":956,"featured_media":0,"comment_status":"open","ping_status":"closed","sticky":false,"template":"","format":"standard","meta":[],"categories":[1],"tags":[],"_links":{"self":[{"href":"https:\/\/blog.ilgiornale.it\/ruzzo\/wp-json\/wp\/v2\/posts\/17498"}],"collection":[{"href":"https:\/\/blog.ilgiornale.it\/ruzzo\/wp-json\/wp\/v2\/posts"}],"about":[{"href":"https:\/\/blog.ilgiornale.it\/ruzzo\/wp-json\/wp\/v2\/types\/post"}],"author":[{"embeddable":true,"href":"https:\/\/blog.ilgiornale.it\/ruzzo\/wp-json\/wp\/v2\/users\/956"}],"replies":[{"embeddable":true,"href":"https:\/\/blog.ilgiornale.it\/ruzzo\/wp-json\/wp\/v2\/comments?post=17498"}],"version-history":[{"count":4,"href":"https:\/\/blog.ilgiornale.it\/ruzzo\/wp-json\/wp\/v2\/posts\/17498\/revisions"}],"predecessor-version":[{"id":17502,"href":"https:\/\/blog.ilgiornale.it\/ruzzo\/wp-json\/wp\/v2\/posts\/17498\/revisions\/17502"}],"wp:attachment":[{"href":"https:\/\/blog.ilgiornale.it\/ruzzo\/wp-json\/wp\/v2\/media?parent=17498"}],"wp:term":[{"taxonomy":"category","embeddable":true,"href":"https:\/\/blog.ilgiornale.it\/ruzzo\/wp-json\/wp\/v2\/categories?post=17498"},{"taxonomy":"post_tag","embeddable":true,"href":"https:\/\/blog.ilgiornale.it\/ruzzo\/wp-json\/wp\/v2\/tags?post=17498"}],"curies":[{"name":"wp","href":"https:\/\/api.w.org\/{rel}","templated":true}]}}