{"id":17528,"date":"2015-10-28T19:16:05","date_gmt":"2015-10-28T18:16:05","guid":{"rendered":"https:\/\/blog.ilgiornale.it\/ruzzo\/?p=17528"},"modified":"2015-10-28T20:39:39","modified_gmt":"2015-10-28T19:39:39","slug":"un-paracadute-per-i-ciclisti","status":"publish","type":"post","link":"https:\/\/blog.ilgiornale.it\/ruzzo\/2015\/10\/28\/un-paracadute-per-i-ciclisti\/","title":{"rendered":"Un &#8220;paracadute&#8221; per i ciclisti"},"content":{"rendered":"<p>Risarcimento dei danni\u00a0\u00a0fino a 600 euro in caso di sinistro, rimborso\u00a0spese di cura\u00a0 in caso di infortunio fino a\u00a0 millle euro, responsabilit\u00e0 civile e risarcimento dei danni\u00a0 provocati a persone o cose con massimale di 500.000 euro. Per i ciclisti arriva il paracadute che prende la forma\u00a0della <strong>Urbanbike<\/strong>,\u00a0 la carta del ciclista, un&#8217;assicurazione ma anche qualcosa in pi\u00f9, \u00a0che lo mette al riparo dai guai che gli potrebbero capitare pedalando soprattutto nel caos delle grandi citt\u00e0. Se ne parlava da tempo ed\u00a0ora \u00e8 realt\u00e0. La card, annunciata\u00a0 dalla <strong>Federazione ciclistica italiana\u00a0<\/strong> a settembre, prima della partenza della nazionale azzurra per i mondiali americani, da pochi giorni si potr\u00e0 acquistare online sul sito <a href=\"http:\/\/www.urbanbike.it\/\">www.urbanbike.it<\/a>,\u00a0 (numero verde 800456789.) &#8220;Con la nascita di Ubanbike &#8211; spiega la Ferciciclismo-\u00a0 si apre una strada nuova \u00a0nel modo di intendere l\u2019attivit\u00e0 sportiva, non solo e non pi\u00f9 finalizzata al conseguimento del risultato o del benessere fisico, ma nell\u2019accezione pi\u00f9 ampia del termine: come attivit\u00e0 di sviluppo sociale, salute pubblica e ideazione di spazi urbani migliori. Partendo dal fatto che gli utenti urbani della bicicletta sono sempre di pi\u00f9 e rappresentano una ricchezza di esperienze, emozioni e passione che il movimento ciclistico nel suo complesso non pu\u00f2 pi\u00f9 fare a meno di tenere nella giusta considerazione&#8221;.\u00a0\u00a0 <strong>Urbanbike<\/strong> \u00e8 una tessera individuale che,\u00a0oltre alle coperture assicurative, fornisce\u00a0 anche una serie di benefit\u00a0pi\u00f9 o meno estesi a seconda\u00a0che si scelga di acquistare la versione <em>basic<\/em> e quella <em>plus, <\/em>al costo di rispettivamente di 30 e 45 euro. Tra i servizi offerti dalla carta del ciclista\u00a0c&#8217;\u00e8 anche la cosulenza medica telefonica\u00a024ore su 24,\u00a0 la consegna farmaci presso l\u2019abitazione, il piano di assistenza medica domiciliare post-infortunio\u00a0e alcune convenzioni con\u00a0Centri Specialistici e negozi specializzati. \u00a0Non solo. E&#8217; previsto il recupero della bici e del ciclista\u00a0 in caso di incidente o guasto entro 100 km dal luogo di \u2028residenza e nel caso anche un pernottamento alberghiero. Ma non solo guai.\u00a0 Si potr\u00e0 chiamare il numero verde anche per sapere se durante il giro domenicale c&#8217;\u00e8 il rischio di &#8220;beccare&#8221; acqua, per chiedere informazioni su itinerari e piste ciclabili o per chiedere consigli su bike hotel e viaggi con cani e gatti al seguito.<\/p>\n","protected":false},"excerpt":{"rendered":"<p><p>Risarcimento dei danni\u00a0\u00a0fino a 600 euro in caso di sinistro, rimborso\u00a0spese di cura\u00a0 in caso di infortunio fino a\u00a0 millle euro, responsabilit\u00e0 civile e risarcimento dei danni\u00a0 provocati a persone o cose con massimale di 500.000 euro. Per i ciclisti arriva il paracadute che prende la forma\u00a0della Urbanbike,\u00a0 la carta del ciclista, un&#8217;assicurazione ma anche qualcosa in pi\u00f9, \u00a0che lo mette al riparo dai guai che gli potrebbero capitare pedalando soprattutto nel caos delle grandi citt\u00e0. Se ne parlava da tempo ed\u00a0ora \u00e8 realt\u00e0. La card, annunciata\u00a0 dalla Federazione ciclistica italiana\u00a0 a settembre, prima della partenza della nazionale azzurra per [&hellip;]<\/p>\n&nbsp;&nbsp;<div class=\"readmore\"><a href=\"https:\/\/blog.ilgiornale.it\/ruzzo\/2015\/10\/28\/un-paracadute-per-i-ciclisti\/\">Continua a leggere...<\/a><\/div><\/p>","protected":false},"author":956,"featured_media":0,"comment_status":"open","ping_status":"closed","sticky":false,"template":"","format":"standard","meta":[],"categories":[1],"tags":[80782,80781,80780],"_links":{"self":[{"href":"https:\/\/blog.ilgiornale.it\/ruzzo\/wp-json\/wp\/v2\/posts\/17528"}],"collection":[{"href":"https:\/\/blog.ilgiornale.it\/ruzzo\/wp-json\/wp\/v2\/posts"}],"about":[{"href":"https:\/\/blog.ilgiornale.it\/ruzzo\/wp-json\/wp\/v2\/types\/post"}],"author":[{"embeddable":true,"href":"https:\/\/blog.ilgiornale.it\/ruzzo\/wp-json\/wp\/v2\/users\/956"}],"replies":[{"embeddable":true,"href":"https:\/\/blog.ilgiornale.it\/ruzzo\/wp-json\/wp\/v2\/comments?post=17528"}],"version-history":[{"count":4,"href":"https:\/\/blog.ilgiornale.it\/ruzzo\/wp-json\/wp\/v2\/posts\/17528\/revisions"}],"predecessor-version":[{"id":17594,"href":"https:\/\/blog.ilgiornale.it\/ruzzo\/wp-json\/wp\/v2\/posts\/17528\/revisions\/17594"}],"wp:attachment":[{"href":"https:\/\/blog.ilgiornale.it\/ruzzo\/wp-json\/wp\/v2\/media?parent=17528"}],"wp:term":[{"taxonomy":"category","embeddable":true,"href":"https:\/\/blog.ilgiornale.it\/ruzzo\/wp-json\/wp\/v2\/categories?post=17528"},{"taxonomy":"post_tag","embeddable":true,"href":"https:\/\/blog.ilgiornale.it\/ruzzo\/wp-json\/wp\/v2\/tags?post=17528"}],"curies":[{"name":"wp","href":"https:\/\/api.w.org\/{rel}","templated":true}]}}