{"id":17530,"date":"2015-10-19T19:32:37","date_gmt":"2015-10-19T17:32:37","guid":{"rendered":"https:\/\/blog.ilgiornale.it\/ruzzo\/?p=17530"},"modified":"2015-10-20T00:54:24","modified_gmt":"2015-10-19T22:54:24","slug":"il-tour-e-sempre-il-tour","status":"publish","type":"post","link":"https:\/\/blog.ilgiornale.it\/ruzzo\/2015\/10\/19\/il-tour-e-sempre-il-tour\/","title":{"rendered":"Il Tour \u00e8 sempre il Tour"},"content":{"rendered":"<p><a href=\"https:\/\/blog.ilgiornale.it\/ruzzo\/files\/2015\/10\/2015101931_MSM_header.jpg\"><img loading=\"lazy\" class=\"alignleft size-medium wp-image-17531\" src=\"https:\/\/blog.ilgiornale.it\/ruzzo\/files\/2015\/10\/2015101931_MSM_header-300x138.jpg\" alt=\"Tour de France 2016 - 19-10-2015 - Mont Saint-Michel\" width=\"300\" height=\"138\" srcset=\"https:\/\/blog.ilgiornale.it\/ruzzo\/files\/2015\/10\/2015101931_MSM_header-300x138.jpg 300w, https:\/\/blog.ilgiornale.it\/ruzzo\/files\/2015\/10\/2015101931_MSM_header.jpg 960w\" sizes=\"(max-width: 300px) 100vw, 300px\" \/><\/a>Il Tour \u00e8 il Tour a prescindere. E i francesi se lo tengono da conto, come gli inglesi con Wimbledon. Il Tour \u00e8 il Tour con i suoi riti, con il suo traguardo finale sui Campi Elisi che guai a toccarlo, con un Pease che per tre settimane si muove con la corsa, vive con la coprsa, respira e sussulta con la corsa. Tv e giornali compresi. Da noi non va cos\u00ec. Bisogna rassgenarsi. Da noi il Giro arriva sempre un po&#8217; dopo.\u00a0 Per\u00f2 cos\u00ec i francesi hanno costruito il mito della Grand Boucle, terzo evento sportivo al mondo dopo i mondiali di calcio e ele olimpiadi. Un business enorme con un giro di sponsor che supera i 150 milioni e con cifre da capogiro per chi arriva primo a Parigi, per chi vince le tappe o indossa la maglia gialla anche per un sol giorno . Chi vince un Tour de France resta nella storia anche se poi magari lo cancellano. Chi vince il Tour de France svolta nella via che porta alla gloria sportiva. Domani alle 11,30, nel Palazzo dei Congressi di Parigi, viene tolto il velo sull&#8217;edizione numero 103\u00a0. Come solo sanno fare il francesi sar\u00e0 un cerimonia importante. Degna del Tour che, gi\u00e0 si sa, scatter\u00e0 da Mont Saint-Michel il 2 luglio e vivr\u00e0 le prime tre tappe sulle strade della bassa Normandia.\u00a0\u00a0Quest&#8217;anno non ci sar\u00e0 il pav\u00e8\u00a0 e il primo arrivo in salita dovrebbe essere quello di Super Lorian, sul Massiccio Centrale. Le grandi montagne arriveranno alla fine della prima settimana, con le tre tappe pirenaiche: primo arrivo a Lac de Payolle, poi Bagneres de Luchon, infine il tappone di Andorra.\u00a0\u00a0Un giorno di riposo e poi la tappa pi\u00f9 attesa\u00a0 il 14 luglio, festa nazionale francese, con la scalata del mitico Mont Ventoux, il Monte Calvo, spazzato dai venti Mistral, dove non cresce mai l\u2019erba e dove sono state scritte le pagine pi\u00f9 esaltanti e drammatiche della corsa.\u00a0 Gran finale con lo sconfinamento in Svizzera le quattro tappe alpine decisive: a Emosson, Megeve, Saint Gervais Mont Blanc e Morzine. L\u2019ultima tappa sar\u00e0 l\u2019immancabile festa parigina sui Campi Elisi. Neanche a dirlo. Perch\u00e8 la storia vuole cos\u00ec e\u00a0i francesi hanno capito come funziona.<\/p>\n","protected":false},"excerpt":{"rendered":"<p><p>Il Tour \u00e8 il Tour a prescindere. E i francesi se lo tengono da conto, come gli inglesi con Wimbledon. Il Tour \u00e8 il Tour con i suoi riti, con il suo traguardo finale sui Campi Elisi che guai a toccarlo, con un Pease che per tre settimane si muove con la corsa, vive con la coprsa, respira e sussulta con la corsa. Tv e giornali compresi. Da noi non va cos\u00ec. Bisogna rassgenarsi. Da noi il Giro arriva sempre un po&#8217; dopo.\u00a0 Per\u00f2 cos\u00ec i francesi hanno costruito il mito della Grand Boucle, terzo evento sportivo al mondo dopo [&hellip;]<\/p>\n&nbsp;&nbsp;<div class=\"readmore\"><a href=\"https:\/\/blog.ilgiornale.it\/ruzzo\/2015\/10\/19\/il-tour-e-sempre-il-tour\/\">Continua a leggere...<\/a><\/div><\/p>","protected":false},"author":956,"featured_media":0,"comment_status":"open","ping_status":"closed","sticky":false,"template":"","format":"standard","meta":[],"categories":[1],"tags":[],"_links":{"self":[{"href":"https:\/\/blog.ilgiornale.it\/ruzzo\/wp-json\/wp\/v2\/posts\/17530"}],"collection":[{"href":"https:\/\/blog.ilgiornale.it\/ruzzo\/wp-json\/wp\/v2\/posts"}],"about":[{"href":"https:\/\/blog.ilgiornale.it\/ruzzo\/wp-json\/wp\/v2\/types\/post"}],"author":[{"embeddable":true,"href":"https:\/\/blog.ilgiornale.it\/ruzzo\/wp-json\/wp\/v2\/users\/956"}],"replies":[{"embeddable":true,"href":"https:\/\/blog.ilgiornale.it\/ruzzo\/wp-json\/wp\/v2\/comments?post=17530"}],"version-history":[{"count":3,"href":"https:\/\/blog.ilgiornale.it\/ruzzo\/wp-json\/wp\/v2\/posts\/17530\/revisions"}],"predecessor-version":[{"id":17535,"href":"https:\/\/blog.ilgiornale.it\/ruzzo\/wp-json\/wp\/v2\/posts\/17530\/revisions\/17535"}],"wp:attachment":[{"href":"https:\/\/blog.ilgiornale.it\/ruzzo\/wp-json\/wp\/v2\/media?parent=17530"}],"wp:term":[{"taxonomy":"category","embeddable":true,"href":"https:\/\/blog.ilgiornale.it\/ruzzo\/wp-json\/wp\/v2\/categories?post=17530"},{"taxonomy":"post_tag","embeddable":true,"href":"https:\/\/blog.ilgiornale.it\/ruzzo\/wp-json\/wp\/v2\/tags?post=17530"}],"curies":[{"name":"wp","href":"https:\/\/api.w.org\/{rel}","templated":true}]}}