{"id":17545,"date":"2015-10-21T20:46:50","date_gmt":"2015-10-21T18:46:50","guid":{"rendered":"https:\/\/blog.ilgiornale.it\/ruzzo\/?p=17545"},"modified":"2015-10-21T20:46:50","modified_gmt":"2015-10-21T18:46:50","slug":"maratona-di-venezia-30anni-di-magia","status":"publish","type":"post","link":"https:\/\/blog.ilgiornale.it\/ruzzo\/2015\/10\/21\/maratona-di-venezia-30anni-di-magia\/","title":{"rendered":"Maratona di Venezia: 30anni di magia"},"content":{"rendered":"<p><a href=\"https:\/\/blog.ilgiornale.it\/ruzzo\/files\/2015\/10\/venice1.jpg\"><img loading=\"lazy\" class=\"alignleft size-medium wp-image-17551\" src=\"https:\/\/blog.ilgiornale.it\/ruzzo\/files\/2015\/10\/venice1-300x199.jpg\" alt=\"venice\" width=\"300\" height=\"199\" srcset=\"https:\/\/blog.ilgiornale.it\/ruzzo\/files\/2015\/10\/venice1-300x199.jpg 300w, https:\/\/blog.ilgiornale.it\/ruzzo\/files\/2015\/10\/venice1.jpg 960w\" sizes=\"(max-width: 300px) 100vw, 300px\" \/><\/a>Trent&#8217;anni son trent&#8217;anni. Soprattutto per una maratona che cos\u00ec diventa anche un po&#8217; storia.\u00a0 E allora domenica\u00a0per la <strong>Venicemarathon\u00a0<\/strong> sar\u00e0 una data formidabile, di quelle che per gli organizzatori sono un traguardo\u00a0e, per chi partecipa, aggiungono orgoglio all&#8217;orgoglio: &#8220;io c&#8217;ero&#8230;&#8221; si dice in questi casi. <span class=\"il\">Venezia<\/span><span class=\"Apple-converted-space\">\u00a0<\/span>vivr\u00e0 una festa cominciata nel 1986 e che negli anni ha visto correre e trionfare in laguna atleti del calibro di <strong>Salvatore Bettiol, Orlando Pizzolato, Gelindo Bordin, Stefano Baldini, Danilo Goffi<\/strong> e, tra le donne, <strong>Laura Fogli, Ornella Ferrara, Maura Viceconte e Lucilla Andreucci,<\/strong> oltre a tante stelle straniere.<span class=\"Apple-converted-space\">\u00a0Storie di campioni ma anche di passione e di\u00a0gente normale. Di maratoneti da quattro ore in s\u00f9, che sono un&#8217;altra storia ancora, tante storie da raccontare.\u00a0\u00a0Una magia che qui \u00e8 compresa nel prezzo del pettorale. Dalla Riviera del Brenta a piazza San Marco, a Canal Grande ai ponti, gioia e ttormento per gambe provate da tanti chilometri ma che valgono sempre e comunque il conto. Una magia prima, durante e dopo.\u00a0 Una magia per 27 mila invitati perch\u00e8 agli 8mila maratoneti vanno aggiunti i 4 mila del <strong>Garmin Forerunner Tour <\/strong>e i 15mila delle<span class=\"Apple-converted-space\">\u00a0<\/span><b>Al\u00ec Family Run. <\/b>Un fiume di gente per una maratona che dopo trent&#8217;anni \u00e8 ormai una maratona da grandi numeri, da quasi 7milioni di indotto nel 2014 e che nella Charity \u00a0l&#8217;anno scorso <\/span>ha raccolto la cifra record di 120.000 euro\u00a0 anche grazie ad<span class=\"Apple-converted-space\">\u00a0<\/span><strong>Alex Zanardi<\/strong> che qui \u00e8 di casa pi\u00f9 che altrove.\u00a0 &#8220;Domenica celebreremo le 30 edizioni della <strong>Venicemarathon<\/strong> ed \u00e8 una grande emozione &#8211;<span class=\"Apple-converted-space\">\u00a0spiega il<\/span>\u00a0Presidente Venicemarathon<span class=\"Apple-converted-space\">\u00a0<\/span><b>Piero Rosa Salva<\/b><span class=\"Apple-converted-space\">\u00a0<\/span>&#8211; Un traguardo che corona un lungo percorso iniziato nel lontano 1986 quando, con un piccolo gruppo di amici, decidemmo di dar vita ad un&#8217;idea forse temeraria ma affascinante. Ricordo\u00a0due persone speciali che ci hanno molto aiutato<strong>: Primo Nebiolo<\/strong>, presidente della Federazione Internazionale di Atletica, che cap\u00ec subito che la nostra idea sarebbe stata vincente, e<strong> Paolo Rosi<\/strong>, indimenticata voce dell&#8217;atletica in tv che comment\u00f2 il nostro debutto gi\u00e0 auspicando i futuri successi&#8221;.\u00a0 Il via da\u00a0<b>Villa Pisani<span class=\"Apple-converted-space\">\u00a0<\/span><\/b>di Stra, la regina delle ville venete che per la prima volta\u00a0aprir\u00e0 \u00a0suoi cancelli e il suo giardino monumentale agli atleti. Poi sar\u00e0 corsa,\u00a0 gara,\u00a0passione e fatica. Come sempre. Come in ogni luogo e in ogni citt\u00e0, anche le pi\u00f9 belle. Perch\u00e8 questa \u00e8 la legge della maratona e vale ovunque. Poi saranno le immagini di una magia che scorreranno in diretta su <strong>Raisport2<\/strong> e i in diretta streaming\u00a0in 96 Paesi collegati\u00a0(<span class=\"Apple-converted-space\">\u00a0<\/span><a href=\"http:\/\/www.raisport.rai.it\/\" target=\"_blank\">www.raisport.rai.it.<\/a>). Poi sar\u00e0 come sempre Venezia. Cos\u00ec da trent&#8217;anni. E non \u00e8 poco.<\/p>\n","protected":false},"excerpt":{"rendered":"<p><p>Trent&#8217;anni son trent&#8217;anni. Soprattutto per una maratona che cos\u00ec diventa anche un po&#8217; storia.\u00a0 E allora domenica\u00a0per la Venicemarathon\u00a0 sar\u00e0 una data formidabile, di quelle che per gli organizzatori sono un traguardo\u00a0e, per chi partecipa, aggiungono orgoglio all&#8217;orgoglio: &#8220;io c&#8217;ero&#8230;&#8221; si dice in questi casi. Venezia\u00a0vivr\u00e0 una festa cominciata nel 1986 e che negli anni ha visto correre e trionfare in laguna atleti del calibro di Salvatore Bettiol, Orlando Pizzolato, Gelindo Bordin, Stefano Baldini, Danilo Goffi e, tra le donne, Laura Fogli, Ornella Ferrara, Maura Viceconte e Lucilla Andreucci, oltre a tante stelle straniere.\u00a0Storie di campioni ma anche di passione [&hellip;]<\/p>\n&nbsp;&nbsp;<div class=\"readmore\"><a href=\"https:\/\/blog.ilgiornale.it\/ruzzo\/2015\/10\/21\/maratona-di-venezia-30anni-di-magia\/\">Continua a leggere...<\/a><\/div><\/p>","protected":false},"author":956,"featured_media":0,"comment_status":"open","ping_status":"closed","sticky":false,"template":"","format":"standard","meta":[],"categories":[1],"tags":[],"_links":{"self":[{"href":"https:\/\/blog.ilgiornale.it\/ruzzo\/wp-json\/wp\/v2\/posts\/17545"}],"collection":[{"href":"https:\/\/blog.ilgiornale.it\/ruzzo\/wp-json\/wp\/v2\/posts"}],"about":[{"href":"https:\/\/blog.ilgiornale.it\/ruzzo\/wp-json\/wp\/v2\/types\/post"}],"author":[{"embeddable":true,"href":"https:\/\/blog.ilgiornale.it\/ruzzo\/wp-json\/wp\/v2\/users\/956"}],"replies":[{"embeddable":true,"href":"https:\/\/blog.ilgiornale.it\/ruzzo\/wp-json\/wp\/v2\/comments?post=17545"}],"version-history":[{"count":5,"href":"https:\/\/blog.ilgiornale.it\/ruzzo\/wp-json\/wp\/v2\/posts\/17545\/revisions"}],"predecessor-version":[{"id":17552,"href":"https:\/\/blog.ilgiornale.it\/ruzzo\/wp-json\/wp\/v2\/posts\/17545\/revisions\/17552"}],"wp:attachment":[{"href":"https:\/\/blog.ilgiornale.it\/ruzzo\/wp-json\/wp\/v2\/media?parent=17545"}],"wp:term":[{"taxonomy":"category","embeddable":true,"href":"https:\/\/blog.ilgiornale.it\/ruzzo\/wp-json\/wp\/v2\/categories?post=17545"},{"taxonomy":"post_tag","embeddable":true,"href":"https:\/\/blog.ilgiornale.it\/ruzzo\/wp-json\/wp\/v2\/tags?post=17545"}],"curies":[{"name":"wp","href":"https:\/\/api.w.org\/{rel}","templated":true}]}}